{"id":12872,"date":"2026-09-04T11:57:41","date_gmt":"2026-09-04T09:57:41","guid":{"rendered":"https:\/\/www.mediovaldarno.it\/news\/?p=12872"},"modified":"2026-09-04T11:59:48","modified_gmt":"2026-09-04T09:59:48","slug":"take-me-to-the-river-finale-e-gallery-completa-del-cammino-degli-universitari-lungo-il-torrente-pesa","status":"publish","type":"post","link":"https:\/\/www.mediovaldarno.it\/news\/take-me-to-the-river-finale-e-gallery-completa-del-cammino-degli-universitari-lungo-il-torrente-pesa\/","title":{"rendered":"&#8220;Take me to the river&#8221;: finale e gallery completa del cammino degli universitari lungo il torrente Pesa"},"content":{"rendered":"<h3>Si conclude oggi, con una giornata di studi presso il Dipartimento di Architettura dell\u2019Universit\u00e0 degli Studi di Firenze, la Summer School del Laboratorio del Cammino che ha visto anche il Consorzio incontrare gli studenti, docenti e ricercatori a piedi lungo il torrente Pesa, dalla sorgente di Radda in Chianti fino a Montelupo Fiorentino, per studiare il rapporto tra fiume, paesaggio, territorio e comunit\u00e0.<strong>\u00a0<\/strong><\/h3>\n<p>Per 10 giorni una quarantina di docenti, ricercatori e studenti di 15 universit\u00e0 italiane e della Bilkent University di Ankara hanno camminato lungo il corso della Pesa, attraversando i territori di Radda e Castellina in Chianti, Greve in Chianti, Barberino Tavarnelle, San Casciano in Val di Pesa, Scandicci, Montespertoli, Lastra a Signa e, infine, Montelupo Fiorentino, dove la Pesa confluisce nell\u2019Arno.<\/p>\n<p>Hanno incontrato tante istituzioni, enti, associazioni, professionisti ed abitanti del territorio potendone cos\u00ec analizzare direttamente le caratteristiche e le trasformazioni, affrontando temi quali la disponibilit\u00e0 della risorsa idrica, il rischio idraulico, la biodiversit\u00e0, l\u2019artificializzazione dell\u2019alveo e il rapporto tra il fiume e gli insediamenti e le aree produttive. Al centro anche le possibili strategie di rigenerazione sociale ed ecologica, dalla tutela dei corridoi ecologici alla mobilit\u00e0 lenta e alla fruizione pubblica delle sponde. Nel pomeriggio, i partecipanti sono stati coinvolti in attivit\u00e0 di mapping, sketching, storytelling e fotografia, con l\u2019obiettivo di costruire una lettura condivisa del territorio.<\/p>\n<p>Tra questi anche l&#8217;appuntamento con il Consorzio di Bonifica 3 Medio Valdarno, che sul campo ha illustrato gli interventi strategici realizzati e in corso di realizzazione nella bassa valle e che con il Presidente, <strong>Paolo Masetti<\/strong> ha preso parte alla giornata finale.<\/p>\n<p>\u201c<a href=\"https:\/\/www.mediovaldarno.it\/news\/take-me-to-the-river-la-pesa-al-centro-della-summer-school-del-laboratorio-del-cammino\/\">Take Me to the River<\/a>\u201d si inserisce nelle attivit\u00e0 del Laboratorio del Cammino, una rete che negli anni ha portato le proprie Summer School in diversi territori italiani, affrontando attraverso il cammino i temi del paesaggio e della trasformazione urbana e territoriale.<\/p>\n\r\n                <style type=\"text\/css\">\r\n                    \r\n                    #tdi_1  .td-doubleSlider-2 .td-item1 {\r\n                        background: url(https:\/\/www.mediovaldarno.it\/news\/wp-content\/uploads\/2026\/09\/Take-Me-to-the-River_CamminoPesa_UNIFI_08-09.2026-10-80x60.jpeg) 0 0 no-repeat;\r\n                    }\r\n                    #tdi_1  .td-doubleSlider-2 .td-item2 {\r\n                        background: url(https:\/\/www.mediovaldarno.it\/news\/wp-content\/uploads\/2026\/09\/Take-Me-to-the-River_CamminoPesa_UNIFI_08-09.2026-7-80x60.jpeg) 0 0 no-repeat;\r\n                    }\r\n                    #tdi_1  .td-doubleSlider-2 .td-item3 {\r\n                        background: url(https:\/\/www.mediovaldarno.it\/news\/wp-content\/uploads\/2026\/09\/Take-Me-to-the-River_CamminoPesa_UNIFI_08-09.2026-6-80x60.jpeg) 0 0 no-repeat;\r\n                    }\r\n                    #tdi_1  .td-doubleSlider-2 .td-item4 {\r\n                        background: url(https:\/\/www.mediovaldarno.it\/news\/wp-content\/uploads\/2026\/09\/Take-Me-to-the-River_CamminoPesa_UNIFI_08-09.2026-4-80x60.jpeg) 0 0 no-repeat;\r\n                    }\r\n                    #tdi_1  .td-doubleSlider-2 .td-item5 {\r\n                        background: url(https:\/\/www.mediovaldarno.it\/news\/wp-content\/uploads\/2026\/09\/Take-Me-to-the-River_CamminoPesa_UNIFI_08-09.2026-8-80x60.jpeg) 0 0 no-repeat;\r\n                    }\r\n                    #tdi_1  .td-doubleSlider-2 .td-item6 {\r\n                        background: url(https:\/\/www.mediovaldarno.it\/news\/wp-content\/uploads\/2026\/09\/Take-Me-to-the-River_CamminoPesa_UNIFI_08-09.2026-9-80x60.jpeg) 0 0 no-repeat;\r\n                    }\r\n                    #tdi_1  .td-doubleSlider-2 .td-item7 {\r\n                        background: url(https:\/\/www.mediovaldarno.it\/news\/wp-content\/uploads\/2026\/09\/Take-Me-to-the-River_CamminoPesa_UNIFI_08-09.2026-2-80x60.jpeg) 0 0 no-repeat;\r\n                    }\r\n                    #tdi_1  .td-doubleSlider-2 .td-item8 {\r\n                        background: url(https:\/\/www.mediovaldarno.it\/news\/wp-content\/uploads\/2026\/09\/Take-Me-to-the-River_CamminoPesa_UNIFI_08-09.2026-19-80x60.jpeg) 0 0 no-repeat;\r\n                    }\r\n                    #tdi_1  .td-doubleSlider-2 .td-item9 {\r\n                        background: url(https:\/\/www.mediovaldarno.it\/news\/wp-content\/uploads\/2026\/09\/Take-Me-to-the-River_CamminoPesa_UNIFI_08-09.2026-1-80x60.jpeg) 0 0 no-repeat;\r\n                    }\r\n                    #tdi_1  .td-doubleSlider-2 .td-item10 {\r\n                        background: url(https:\/\/www.mediovaldarno.it\/news\/wp-content\/uploads\/2026\/09\/Take-Me-to-the-River_CamminoPesa_UNIFI_08-09.2026-18-80x60.jpeg) 0 0 no-repeat;\r\n                    }\r\n                    #tdi_1  .td-doubleSlider-2 .td-item11 {\r\n                        background: url(https:\/\/www.mediovaldarno.it\/news\/wp-content\/uploads\/2026\/09\/Take-Me-to-the-River_CamminoPesa_UNIFI_08-09.2026-3-80x60.jpeg) 0 0 no-repeat;\r\n                    }\r\n                    #tdi_1  .td-doubleSlider-2 .td-item12 {\r\n                        background: url(https:\/\/www.mediovaldarno.it\/news\/wp-content\/uploads\/2026\/09\/Take-Me-to-the-River_CamminoPesa_UNIFI_08-09.2026-20-80x60.jpeg) 0 0 no-repeat;\r\n                    }\r\n                    #tdi_1  .td-doubleSlider-2 .td-item13 {\r\n                        background: url(https:\/\/www.mediovaldarno.it\/news\/wp-content\/uploads\/2026\/09\/Take-Me-to-the-River_CamminoPesa_UNIFI_08-09.2026-17-80x60.jpeg) 0 0 no-repeat;\r\n                    }\r\n                    #tdi_1  .td-doubleSlider-2 .td-item14 {\r\n                        background: url(https:\/\/www.mediovaldarno.it\/news\/wp-content\/uploads\/2026\/09\/Take-Me-to-the-River_CamminoPesa_UNIFI_08-09.2026-11-80x60.jpeg) 0 0 no-repeat;\r\n                    }\r\n                    #tdi_1  .td-doubleSlider-2 .td-item15 {\r\n                        background: url(https:\/\/www.mediovaldarno.it\/news\/wp-content\/uploads\/2026\/09\/Take-Me-to-the-River_CamminoPesa_UNIFI_08-09.2026-16-80x60.jpeg) 0 0 no-repeat;\r\n                    }\r\n                    #tdi_1  .td-doubleSlider-2 .td-item16 {\r\n                        background: url(https:\/\/www.mediovaldarno.it\/news\/wp-content\/uploads\/2026\/09\/Take-Me-to-the-River_CamminoPesa_UNIFI_08-09.2026-14-80x60.jpeg) 0 0 no-repeat;\r\n                    }\r\n                    #tdi_1  .td-doubleSlider-2 .td-item17 {\r\n                        background: url(https:\/\/www.mediovaldarno.it\/news\/wp-content\/uploads\/2026\/09\/Take-Me-to-the-River_CamminoPesa_UNIFI_08-09.2026-12-80x60.jpeg) 0 0 no-repeat;\r\n                    }\r\n                    #tdi_1  .td-doubleSlider-2 .td-item18 {\r\n                        background: url(https:\/\/www.mediovaldarno.it\/news\/wp-content\/uploads\/2026\/09\/Take-Me-to-the-River_CamminoPesa_UNIFI_08-09.2026-15-80x60.jpeg) 0 0 no-repeat;\r\n                    }\r\n                    #tdi_1  .td-doubleSlider-2 .td-item19 {\r\n                        background: url(https:\/\/www.mediovaldarno.it\/news\/wp-content\/uploads\/2026\/09\/Take-Me-to-the-River_CamminoPesa_UNIFI_08-09.2026-2-80x60.jpg) 0 0 no-repeat;\r\n                    }\r\n                    #tdi_1  .td-doubleSlider-2 .td-item20 {\r\n                        background: url(https:\/\/www.mediovaldarno.it\/news\/wp-content\/uploads\/2026\/09\/Take-Me-to-the-River_CamminoPesa_UNIFI_08-09.2026-6-80x60.jpg) 0 0 no-repeat;\r\n                    }\r\n                    #tdi_1  .td-doubleSlider-2 .td-item21 {\r\n                        background: url(https:\/\/www.mediovaldarno.it\/news\/wp-content\/uploads\/2026\/09\/Take-Me-to-the-River_CamminoPesa_UNIFI_08-09.2026-1-80x60.jpg) 0 0 no-repeat;\r\n                    }\r\n                    #tdi_1  .td-doubleSlider-2 .td-item22 {\r\n                        background: url(https:\/\/www.mediovaldarno.it\/news\/wp-content\/uploads\/2026\/09\/Take-Me-to-the-River_CamminoPesa_UNIFI_08-09.2026-5-80x60.jpg) 0 0 no-repeat;\r\n                    }\r\n                    #tdi_1  .td-doubleSlider-2 .td-item23 {\r\n                        background: url(https:\/\/www.mediovaldarno.it\/news\/wp-content\/uploads\/2026\/09\/Take-Me-to-the-River_CamminoPesa_UNIFI_08-09.2026-3-80x60.jpg) 0 0 no-repeat;\r\n                    }\r\n                    #tdi_1  .td-doubleSlider-2 .td-item24 {\r\n                        background: url(https:\/\/www.mediovaldarno.it\/news\/wp-content\/uploads\/2026\/09\/Take-Me-to-the-River_CamminoPesa_UNIFI_08-09.2026-13-80x60.jpeg) 0 0 no-repeat;\r\n                    }\r\n                    #tdi_1  .td-doubleSlider-2 .td-item25 {\r\n                        background: url(https:\/\/www.mediovaldarno.it\/news\/wp-content\/uploads\/2026\/09\/Take-Me-to-the-River_CamminoPesa_UNIFI_08-09.2026-8-80x60.jpg) 0 0 no-repeat;\r\n                    }\r\n                    #tdi_1  .td-doubleSlider-2 .td-item26 {\r\n                        background: url(https:\/\/www.mediovaldarno.it\/news\/wp-content\/uploads\/2026\/09\/Take-Me-to-the-River_CamminoPesa_UNIFI_08-09.2026-7-80x60.jpg) 0 0 no-repeat;\r\n                    }\r\n                    #tdi_1  .td-doubleSlider-2 .td-item27 {\r\n                        background: url(https:\/\/www.mediovaldarno.it\/news\/wp-content\/uploads\/2026\/09\/Take-Me-to-the-River_CamminoPesa_UNIFI_08-09.2026-27-80x60.jpeg) 0 0 no-repeat;\r\n                    }\r\n                    #tdi_1  .td-doubleSlider-2 .td-item28 {\r\n                        background: url(https:\/\/www.mediovaldarno.it\/news\/wp-content\/uploads\/2026\/09\/Take-Me-to-the-River_CamminoPesa_UNIFI_08-09.2026-33-80x60.jpeg) 0 0 no-repeat;\r\n                    }\r\n                    #tdi_1  .td-doubleSlider-2 .td-item29 {\r\n                        background: url(https:\/\/www.mediovaldarno.it\/news\/wp-content\/uploads\/2026\/09\/Take-Me-to-the-River_CamminoPesa_UNIFI_08-09.2026-34-80x60.jpeg) 0 0 no-repeat;\r\n                    }\r\n                    #tdi_1  .td-doubleSlider-2 .td-item30 {\r\n                        background: url(https:\/\/www.mediovaldarno.it\/news\/wp-content\/uploads\/2026\/09\/Take-Me-to-the-River_CamminoPesa_UNIFI_08-09.2026-35-80x60.jpeg) 0 0 no-repeat;\r\n                    }\r\n                    #tdi_1  .td-doubleSlider-2 .td-item31 {\r\n                        background: url(https:\/\/www.mediovaldarno.it\/news\/wp-content\/uploads\/2026\/09\/Take-Me-to-the-River_CamminoPesa_UNIFI_08-09.2026-36-80x60.jpeg) 0 0 no-repeat;\r\n                    }\r\n                    #tdi_1  .td-doubleSlider-2 .td-item32 {\r\n                        background: url(https:\/\/www.mediovaldarno.it\/news\/wp-content\/uploads\/2026\/09\/Take-Me-to-the-River_CamminoPesa_UNIFI_08-09.2026-37-80x60.jpeg) 0 0 no-repeat;\r\n                    }\r\n                    #tdi_1  .td-doubleSlider-2 .td-item33 {\r\n                        background: url(https:\/\/www.mediovaldarno.it\/news\/wp-content\/uploads\/2026\/09\/Take-Me-to-the-River_CamminoPesa_UNIFI_08-09.2026-26-80x60.jpeg) 0 0 no-repeat;\r\n                    }\r\n                    #tdi_1  .td-doubleSlider-2 .td-item34 {\r\n                        background: url(https:\/\/www.mediovaldarno.it\/news\/wp-content\/uploads\/2026\/09\/Take-Me-to-the-River_CamminoPesa_UNIFI_08-09.2026-23-80x60.jpeg) 0 0 no-repeat;\r\n                    }\r\n                    #tdi_1  .td-doubleSlider-2 .td-item35 {\r\n                        background: url(https:\/\/www.mediovaldarno.it\/news\/wp-content\/uploads\/2026\/09\/Take-Me-to-the-River_CamminoPesa_UNIFI_08-09.2026-24-80x60.jpeg) 0 0 no-repeat;\r\n                    }\r\n                    #tdi_1  .td-doubleSlider-2 .td-item36 {\r\n                        background: url(https:\/\/www.mediovaldarno.it\/news\/wp-content\/uploads\/2026\/09\/Take-Me-to-the-River_CamminoPesa_UNIFI_08-09.2026-25-80x60.jpeg) 0 0 no-repeat;\r\n                    }\r\n                    #tdi_1  .td-doubleSlider-2 .td-item37 {\r\n                        background: url(https:\/\/www.mediovaldarno.it\/news\/wp-content\/uploads\/2026\/09\/Take-Me-to-the-River_CamminoPesa_UNIFI_08-09.2026-39-80x60.jpeg) 0 0 no-repeat;\r\n                    }\r\n                    #tdi_1  .td-doubleSlider-2 .td-item38 {\r\n                        background: url(https:\/\/www.mediovaldarno.it\/news\/wp-content\/uploads\/2026\/09\/Take-Me-to-the-River_CamminoPesa_UNIFI_08-09.2026-31-80x60.jpeg) 0 0 no-repeat;\r\n                    }\r\n                    #tdi_1  .td-doubleSlider-2 .td-item39 {\r\n                        background: url(https:\/\/www.mediovaldarno.it\/news\/wp-content\/uploads\/2026\/09\/Take-Me-to-the-River_CamminoPesa_UNIFI_08-09.2026-40-80x60.jpeg) 0 0 no-repeat;\r\n                    }\r\n                    #tdi_1  .td-doubleSlider-2 .td-item40 {\r\n                        background: url(https:\/\/www.mediovaldarno.it\/news\/wp-content\/uploads\/2026\/09\/Take-Me-to-the-River_CamminoPesa_UNIFI_08-09.2026-32-e1788515775787-80x60.jpeg) 0 0 no-repeat;\r\n                    }\r\n                    #tdi_1  .td-doubleSlider-2 .td-item41 {\r\n                        background: url(https:\/\/www.mediovaldarno.it\/news\/wp-content\/uploads\/2026\/09\/Take-Me-to-the-River_CamminoPesa_UNIFI_08-09.2026-38-80x60.jpeg) 0 0 no-repeat;\r\n                    }\r\n                    #tdi_1  .td-doubleSlider-2 .td-item42 {\r\n                        background: url(https:\/\/www.mediovaldarno.it\/news\/wp-content\/uploads\/2026\/09\/Take-Me-to-the-River_CamminoPesa_UNIFI_08-09.2026-30-80x60.jpeg) 0 0 no-repeat;\r\n                    }\r\n                    #tdi_1  .td-doubleSlider-2 .td-item43 {\r\n                        background: url(https:\/\/www.mediovaldarno.it\/news\/wp-content\/uploads\/2026\/09\/Take-Me-to-the-River_CamminoPesa_UNIFI_08-09.2026-21-80x60.jpeg) 0 0 no-repeat;\r\n                    }\r\n                    #tdi_1  .td-doubleSlider-2 .td-item44 {\r\n                        background: url(https:\/\/www.mediovaldarno.it\/news\/wp-content\/uploads\/2026\/09\/Take-Me-to-the-River_CamminoPesa_UNIFI_08-09.2026-28-80x60.jpeg) 0 0 no-repeat;\r\n                    }\r\n                    #tdi_1  .td-doubleSlider-2 .td-item45 {\r\n                        background: url(https:\/\/www.mediovaldarno.it\/news\/wp-content\/uploads\/2026\/09\/Take-Me-to-the-River_CamminoPesa_UNIFI_08-09.2026-22-80x60.jpeg) 0 0 no-repeat;\r\n                    }\r\n                    #tdi_1  .td-doubleSlider-2 .td-item46 {\r\n                        background: url(https:\/\/www.mediovaldarno.it\/news\/wp-content\/uploads\/2026\/09\/Take-Me-to-the-River_CamminoPesa_UNIFI_08-09.2026-29-e1788515804497-80x60.jpeg) 0 0 no-repeat;\r\n                    }\r\n                    #tdi_1  .td-doubleSlider-2 .td-item47 {\r\n                        background: url(https:\/\/www.mediovaldarno.it\/news\/wp-content\/uploads\/2026\/09\/Take-Me-to-the-River_CamminoPesa_UNIFI_08-09.2026-80x60.jpeg) 0 0 no-repeat;\r\n                    }\r\n                <\/style>\r\n\r\n                <div id=\"tdi_1\" class=\"td-gallery td-slide-on-2-columns\">\r\n                    <div class=\"post_td_gallery\">\r\n                        <div class=\"td-gallery-slide-top\">\r\n                           <div class=\"td-gallery-title\"><\/div>\r\n\r\n                            <div class=\"td-gallery-controls-wrapper\">\r\n                                <div class=\"td-gallery-slide-count\"><span class=\"td-gallery-slide-item-focus\">1<\/span> di 47<\/div>\r\n                                <div class=\"td-gallery-slide-prev-next-but\">\r\n                                    <i class = \"td-icon-left doubleSliderPrevButton\"><\/i>\r\n                                    <i class = \"td-icon-right doubleSliderNextButton\"><\/i>\r\n                                <\/div>\r\n                            <\/div>\r\n                        <\/div>\r\n\r\n                        <div class = \"td-doubleSlider-1 \">\r\n                            <div class = \"td-slider\">\r\n                                \r\n                    <div class = \"td-slide-item td-item1\">\r\n                        <figure class=\"td-slide-galery-figure td-slide-popup-gallery\">\r\n                            <a class=\"slide-gallery-image-link\" href=\"https:\/\/www.mediovaldarno.it\/news\/wp-content\/uploads\/2026\/09\/Take-Me-to-the-River_CamminoPesa_UNIFI_08-09.2026-10.jpeg\" title=\"Take Me to the River_CamminoPesa_UNIFI_08-09.2026 (10)\"  data-caption=\"\"  data-description=\"\">\r\n                                <img decoding=\"async\" src=\"https:\/\/www.mediovaldarno.it\/news\/wp-content\/uploads\/2026\/09\/Take-Me-to-the-River_CamminoPesa_UNIFI_08-09.2026-10-300x420.jpeg\" srcset=\"https:\/\/www.mediovaldarno.it\/news\/wp-content\/uploads\/2026\/09\/Take-Me-to-the-River_CamminoPesa_UNIFI_08-09.2026-10-300x420.jpeg 300w, https:\/\/www.mediovaldarno.it\/news\/wp-content\/uploads\/2026\/09\/Take-Me-to-the-River_CamminoPesa_UNIFI_08-09.2026-10-364x510.jpeg 364w, https:\/\/www.mediovaldarno.it\/news\/wp-content\/uploads\/2026\/09\/Take-Me-to-the-River_CamminoPesa_UNIFI_08-09.2026-10-771x1080.jpeg 771w, https:\/\/www.mediovaldarno.it\/news\/wp-content\/uploads\/2026\/09\/Take-Me-to-the-River_CamminoPesa_UNIFI_08-09.2026-10-229x320.jpeg 229w, https:\/\/www.mediovaldarno.it\/news\/wp-content\/uploads\/2026\/09\/Take-Me-to-the-River_CamminoPesa_UNIFI_08-09.2026-10-768x1075.jpeg 768w, https:\/\/www.mediovaldarno.it\/news\/wp-content\/uploads\/2026\/09\/Take-Me-to-the-River_CamminoPesa_UNIFI_08-09.2026-10-696x974.jpeg 696w, https:\/\/www.mediovaldarno.it\/news\/wp-content\/uploads\/2026\/09\/Take-Me-to-the-River_CamminoPesa_UNIFI_08-09.2026-10-1068x1495.jpeg 1068w, https:\/\/www.mediovaldarno.it\/news\/wp-content\/uploads\/2026\/09\/Take-Me-to-the-River_CamminoPesa_UNIFI_08-09.2026-10.jpeg 1080w\" sizes=\"(max-width: 300px) 100vw, 300px\" alt=\"\">\r\n                            <\/a>\r\n                            \r\n                        <\/figure>\r\n                    <\/div>\r\n                    <div class = \"td-slide-item td-item2\">\r\n                        <figure class=\"td-slide-galery-figure td-slide-popup-gallery\">\r\n                            <a class=\"slide-gallery-image-link\" href=\"https:\/\/www.mediovaldarno.it\/news\/wp-content\/uploads\/2026\/09\/Take-Me-to-the-River_CamminoPesa_UNIFI_08-09.2026-7.jpeg\" title=\"Take Me to the River_CamminoPesa_UNIFI_08-09.2026 (7)\"  data-caption=\"\"  data-description=\"\">\r\n                                <img decoding=\"async\" src=\"https:\/\/www.mediovaldarno.it\/news\/wp-content\/uploads\/2026\/09\/Take-Me-to-the-River_CamminoPesa_UNIFI_08-09.2026-7-194x420.jpeg\" srcset=\"https:\/\/www.mediovaldarno.it\/news\/wp-content\/uploads\/2026\/09\/Take-Me-to-the-River_CamminoPesa_UNIFI_08-09.2026-7-194x420.jpeg 194w, https:\/\/www.mediovaldarno.it\/news\/wp-content\/uploads\/2026\/09\/Take-Me-to-the-River_CamminoPesa_UNIFI_08-09.2026-7-236x510.jpeg 236w, https:\/\/www.mediovaldarno.it\/news\/wp-content\/uploads\/2026\/09\/Take-Me-to-the-River_CamminoPesa_UNIFI_08-09.2026-7-499x1080.jpeg 499w, https:\/\/www.mediovaldarno.it\/news\/wp-content\/uploads\/2026\/09\/Take-Me-to-the-River_CamminoPesa_UNIFI_08-09.2026-7-148x320.jpeg 148w, https:\/\/www.mediovaldarno.it\/news\/wp-content\/uploads\/2026\/09\/Take-Me-to-the-River_CamminoPesa_UNIFI_08-09.2026-7-709x1536.jpeg 709w, https:\/\/www.mediovaldarno.it\/news\/wp-content\/uploads\/2026\/09\/Take-Me-to-the-River_CamminoPesa_UNIFI_08-09.2026-7-696x1507.jpeg 696w, https:\/\/www.mediovaldarno.it\/news\/wp-content\/uploads\/2026\/09\/Take-Me-to-the-River_CamminoPesa_UNIFI_08-09.2026-7.jpeg 739w\" sizes=\"(max-width: 194px) 100vw, 194px\" alt=\"\">\r\n                            <\/a>\r\n                            \r\n                        <\/figure>\r\n                    <\/div>\r\n                    <div class = \"td-slide-item td-item3\">\r\n                        <figure class=\"td-slide-galery-figure td-slide-popup-gallery\">\r\n                            <a class=\"slide-gallery-image-link\" href=\"https:\/\/www.mediovaldarno.it\/news\/wp-content\/uploads\/2026\/09\/Take-Me-to-the-River_CamminoPesa_UNIFI_08-09.2026-6.jpeg\" title=\"Take Me to the River_CamminoPesa_UNIFI_08-09.2026 (6)\"  data-caption=\"\"  data-description=\"\">\r\n                                <img decoding=\"async\" src=\"https:\/\/www.mediovaldarno.it\/news\/wp-content\/uploads\/2026\/09\/Take-Me-to-the-River_CamminoPesa_UNIFI_08-09.2026-6-280x420.jpeg\" srcset=\"https:\/\/www.mediovaldarno.it\/news\/wp-content\/uploads\/2026\/09\/Take-Me-to-the-River_CamminoPesa_UNIFI_08-09.2026-6-280x420.jpeg 280w, https:\/\/www.mediovaldarno.it\/news\/wp-content\/uploads\/2026\/09\/Take-Me-to-the-River_CamminoPesa_UNIFI_08-09.2026-6-340x510.jpeg 340w, https:\/\/www.mediovaldarno.it\/news\/wp-content\/uploads\/2026\/09\/Take-Me-to-the-River_CamminoPesa_UNIFI_08-09.2026-6-720x1080.jpeg 720w, https:\/\/www.mediovaldarno.it\/news\/wp-content\/uploads\/2026\/09\/Take-Me-to-the-River_CamminoPesa_UNIFI_08-09.2026-6-213x320.jpeg 213w, https:\/\/www.mediovaldarno.it\/news\/wp-content\/uploads\/2026\/09\/Take-Me-to-the-River_CamminoPesa_UNIFI_08-09.2026-6-768x1153.jpeg 768w, https:\/\/www.mediovaldarno.it\/news\/wp-content\/uploads\/2026\/09\/Take-Me-to-the-River_CamminoPesa_UNIFI_08-09.2026-6-1023x1536.jpeg 1023w, https:\/\/www.mediovaldarno.it\/news\/wp-content\/uploads\/2026\/09\/Take-Me-to-the-River_CamminoPesa_UNIFI_08-09.2026-6-696x1045.jpeg 696w, https:\/\/www.mediovaldarno.it\/news\/wp-content\/uploads\/2026\/09\/Take-Me-to-the-River_CamminoPesa_UNIFI_08-09.2026-6.jpeg 1048w\" sizes=\"(max-width: 280px) 100vw, 280px\" alt=\"\">\r\n                            <\/a>\r\n                            \r\n                        <\/figure>\r\n                    <\/div>\r\n                    <div class = \"td-slide-item td-item4\">\r\n                        <figure class=\"td-slide-galery-figure td-slide-popup-gallery\">\r\n                            <a class=\"slide-gallery-image-link\" href=\"https:\/\/www.mediovaldarno.it\/news\/wp-content\/uploads\/2026\/09\/Take-Me-to-the-River_CamminoPesa_UNIFI_08-09.2026-4.jpeg\" title=\"Take Me to the River_CamminoPesa_UNIFI_08-09.2026 (4)\"  data-caption=\"\"  data-description=\"\">\r\n                                <img decoding=\"async\" src=\"https:\/\/www.mediovaldarno.it\/news\/wp-content\/uploads\/2026\/09\/Take-Me-to-the-River_CamminoPesa_UNIFI_08-09.2026-4-315x420.jpeg\" srcset=\"https:\/\/www.mediovaldarno.it\/news\/wp-content\/uploads\/2026\/09\/Take-Me-to-the-River_CamminoPesa_UNIFI_08-09.2026-4-315x420.jpeg 315w, https:\/\/www.mediovaldarno.it\/news\/wp-content\/uploads\/2026\/09\/Take-Me-to-the-River_CamminoPesa_UNIFI_08-09.2026-4-383x510.jpeg 383w, https:\/\/www.mediovaldarno.it\/news\/wp-content\/uploads\/2026\/09\/Take-Me-to-the-River_CamminoPesa_UNIFI_08-09.2026-4-810x1080.jpeg 810w, https:\/\/www.mediovaldarno.it\/news\/wp-content\/uploads\/2026\/09\/Take-Me-to-the-River_CamminoPesa_UNIFI_08-09.2026-4-240x320.jpeg 240w, https:\/\/www.mediovaldarno.it\/news\/wp-content\/uploads\/2026\/09\/Take-Me-to-the-River_CamminoPesa_UNIFI_08-09.2026-4-768x1024.jpeg 768w, https:\/\/www.mediovaldarno.it\/news\/wp-content\/uploads\/2026\/09\/Take-Me-to-the-River_CamminoPesa_UNIFI_08-09.2026-4-1152x1536.jpeg 1152w, https:\/\/www.mediovaldarno.it\/news\/wp-content\/uploads\/2026\/09\/Take-Me-to-the-River_CamminoPesa_UNIFI_08-09.2026-4-696x928.jpeg 696w, https:\/\/www.mediovaldarno.it\/news\/wp-content\/uploads\/2026\/09\/Take-Me-to-the-River_CamminoPesa_UNIFI_08-09.2026-4-1068x1424.jpeg 1068w, https:\/\/www.mediovaldarno.it\/news\/wp-content\/uploads\/2026\/09\/Take-Me-to-the-River_CamminoPesa_UNIFI_08-09.2026-4.jpeg 1200w\" sizes=\"(max-width: 315px) 100vw, 315px\" alt=\"\">\r\n                            <\/a>\r\n                            \r\n                        <\/figure>\r\n                    <\/div>\r\n                    <div class = \"td-slide-item td-item5\">\r\n                        <figure class=\"td-slide-galery-figure td-slide-popup-gallery\">\r\n                            <a class=\"slide-gallery-image-link\" href=\"https:\/\/www.mediovaldarno.it\/news\/wp-content\/uploads\/2026\/09\/Take-Me-to-the-River_CamminoPesa_UNIFI_08-09.2026-8.jpeg\" title=\"Take Me to the River_CamminoPesa_UNIFI_08-09.2026 (8)\"  data-caption=\"\"  data-description=\"\">\r\n                                <img decoding=\"async\" src=\"https:\/\/www.mediovaldarno.it\/news\/wp-content\/uploads\/2026\/09\/Take-Me-to-the-River_CamminoPesa_UNIFI_08-09.2026-8-194x420.jpeg\" srcset=\"https:\/\/www.mediovaldarno.it\/news\/wp-content\/uploads\/2026\/09\/Take-Me-to-the-River_CamminoPesa_UNIFI_08-09.2026-8-194x420.jpeg 194w, https:\/\/www.mediovaldarno.it\/news\/wp-content\/uploads\/2026\/09\/Take-Me-to-the-River_CamminoPesa_UNIFI_08-09.2026-8-236x510.jpeg 236w, https:\/\/www.mediovaldarno.it\/news\/wp-content\/uploads\/2026\/09\/Take-Me-to-the-River_CamminoPesa_UNIFI_08-09.2026-8-499x1080.jpeg 499w, https:\/\/www.mediovaldarno.it\/news\/wp-content\/uploads\/2026\/09\/Take-Me-to-the-River_CamminoPesa_UNIFI_08-09.2026-8-148x320.jpeg 148w, https:\/\/www.mediovaldarno.it\/news\/wp-content\/uploads\/2026\/09\/Take-Me-to-the-River_CamminoPesa_UNIFI_08-09.2026-8-709x1536.jpeg 709w, https:\/\/www.mediovaldarno.it\/news\/wp-content\/uploads\/2026\/09\/Take-Me-to-the-River_CamminoPesa_UNIFI_08-09.2026-8-696x1507.jpeg 696w, https:\/\/www.mediovaldarno.it\/news\/wp-content\/uploads\/2026\/09\/Take-Me-to-the-River_CamminoPesa_UNIFI_08-09.2026-8.jpeg 739w\" sizes=\"(max-width: 194px) 100vw, 194px\" alt=\"\">\r\n                            <\/a>\r\n                            \r\n                        <\/figure>\r\n                    <\/div>\r\n                    <div class = \"td-slide-item td-item6\">\r\n                        <figure class=\"td-slide-galery-figure td-slide-popup-gallery\">\r\n                            <a class=\"slide-gallery-image-link\" href=\"https:\/\/www.mediovaldarno.it\/news\/wp-content\/uploads\/2026\/09\/Take-Me-to-the-River_CamminoPesa_UNIFI_08-09.2026-9.jpeg\" title=\"Take Me to the River_CamminoPesa_UNIFI_08-09.2026 (9)\"  data-caption=\"\"  data-description=\"\">\r\n                                <img decoding=\"async\" src=\"https:\/\/www.mediovaldarno.it\/news\/wp-content\/uploads\/2026\/09\/Take-Me-to-the-River_CamminoPesa_UNIFI_08-09.2026-9-909x420.jpeg\" srcset=\"https:\/\/www.mediovaldarno.it\/news\/wp-content\/uploads\/2026\/09\/Take-Me-to-the-River_CamminoPesa_UNIFI_08-09.2026-9-909x420.jpeg 909w, https:\/\/www.mediovaldarno.it\/news\/wp-content\/uploads\/2026\/09\/Take-Me-to-the-River_CamminoPesa_UNIFI_08-09.2026-9-510x236.jpeg 510w, https:\/\/www.mediovaldarno.it\/news\/wp-content\/uploads\/2026\/09\/Take-Me-to-the-River_CamminoPesa_UNIFI_08-09.2026-9-1080x499.jpeg 1080w, https:\/\/www.mediovaldarno.it\/news\/wp-content\/uploads\/2026\/09\/Take-Me-to-the-River_CamminoPesa_UNIFI_08-09.2026-9-320x148.jpeg 320w, https:\/\/www.mediovaldarno.it\/news\/wp-content\/uploads\/2026\/09\/Take-Me-to-the-River_CamminoPesa_UNIFI_08-09.2026-9-768x355.jpeg 768w, https:\/\/www.mediovaldarno.it\/news\/wp-content\/uploads\/2026\/09\/Take-Me-to-the-River_CamminoPesa_UNIFI_08-09.2026-9-1536x709.jpeg 1536w, https:\/\/www.mediovaldarno.it\/news\/wp-content\/uploads\/2026\/09\/Take-Me-to-the-River_CamminoPesa_UNIFI_08-09.2026-9-696x321.jpeg 696w, https:\/\/www.mediovaldarno.it\/news\/wp-content\/uploads\/2026\/09\/Take-Me-to-the-River_CamminoPesa_UNIFI_08-09.2026-9-1068x493.jpeg 1068w, https:\/\/www.mediovaldarno.it\/news\/wp-content\/uploads\/2026\/09\/Take-Me-to-the-River_CamminoPesa_UNIFI_08-09.2026-9-1320x610.jpeg 1320w, https:\/\/www.mediovaldarno.it\/news\/wp-content\/uploads\/2026\/09\/Take-Me-to-the-River_CamminoPesa_UNIFI_08-09.2026-9.jpeg 1600w\" sizes=\"(max-width: 909px) 100vw, 909px\" alt=\"\">\r\n                            <\/a>\r\n                            \r\n                        <\/figure>\r\n                    <\/div>\r\n                    <div class = \"td-slide-item td-item7\">\r\n                        <figure class=\"td-slide-galery-figure td-slide-popup-gallery\">\r\n                            <a class=\"slide-gallery-image-link\" href=\"https:\/\/www.mediovaldarno.it\/news\/wp-content\/uploads\/2026\/09\/Take-Me-to-the-River_CamminoPesa_UNIFI_08-09.2026-2.jpeg\" title=\"Take Me to the River_CamminoPesa_UNIFI_08-09.2026 (2)\"  data-caption=\"\"  data-description=\"\">\r\n                                <img decoding=\"async\" src=\"https:\/\/www.mediovaldarno.it\/news\/wp-content\/uploads\/2026\/09\/Take-Me-to-the-River_CamminoPesa_UNIFI_08-09.2026-2-280x420.jpeg\" srcset=\"https:\/\/www.mediovaldarno.it\/news\/wp-content\/uploads\/2026\/09\/Take-Me-to-the-River_CamminoPesa_UNIFI_08-09.2026-2-280x420.jpeg 280w, https:\/\/www.mediovaldarno.it\/news\/wp-content\/uploads\/2026\/09\/Take-Me-to-the-River_CamminoPesa_UNIFI_08-09.2026-2-340x510.jpeg 340w, https:\/\/www.mediovaldarno.it\/news\/wp-content\/uploads\/2026\/09\/Take-Me-to-the-River_CamminoPesa_UNIFI_08-09.2026-2-720x1080.jpeg 720w, https:\/\/www.mediovaldarno.it\/news\/wp-content\/uploads\/2026\/09\/Take-Me-to-the-River_CamminoPesa_UNIFI_08-09.2026-2-213x320.jpeg 213w, https:\/\/www.mediovaldarno.it\/news\/wp-content\/uploads\/2026\/09\/Take-Me-to-the-River_CamminoPesa_UNIFI_08-09.2026-2-768x1153.jpeg 768w, https:\/\/www.mediovaldarno.it\/news\/wp-content\/uploads\/2026\/09\/Take-Me-to-the-River_CamminoPesa_UNIFI_08-09.2026-2-1023x1536.jpeg 1023w, https:\/\/www.mediovaldarno.it\/news\/wp-content\/uploads\/2026\/09\/Take-Me-to-the-River_CamminoPesa_UNIFI_08-09.2026-2-696x1045.jpeg 696w, https:\/\/www.mediovaldarno.it\/news\/wp-content\/uploads\/2026\/09\/Take-Me-to-the-River_CamminoPesa_UNIFI_08-09.2026-2.jpeg 1066w\" sizes=\"(max-width: 280px) 100vw, 280px\" alt=\"\">\r\n                            <\/a>\r\n                            \r\n                        <\/figure>\r\n                    <\/div>\r\n                    <div class = \"td-slide-item td-item8\">\r\n                        <figure class=\"td-slide-galery-figure td-slide-popup-gallery\">\r\n                            <a class=\"slide-gallery-image-link\" href=\"https:\/\/www.mediovaldarno.it\/news\/wp-content\/uploads\/2026\/09\/Take-Me-to-the-River_CamminoPesa_UNIFI_08-09.2026-19.jpeg\" title=\"Take Me to the River_CamminoPesa_UNIFI_08-09.2026 (19)\"  data-caption=\"\"  data-description=\"\">\r\n                                <img decoding=\"async\" src=\"https:\/\/www.mediovaldarno.it\/news\/wp-content\/uploads\/2026\/09\/Take-Me-to-the-River_CamminoPesa_UNIFI_08-09.2026-19-315x420.jpeg\" srcset=\"https:\/\/www.mediovaldarno.it\/news\/wp-content\/uploads\/2026\/09\/Take-Me-to-the-River_CamminoPesa_UNIFI_08-09.2026-19-315x420.jpeg 315w, https:\/\/www.mediovaldarno.it\/news\/wp-content\/uploads\/2026\/09\/Take-Me-to-the-River_CamminoPesa_UNIFI_08-09.2026-19-383x510.jpeg 383w, https:\/\/www.mediovaldarno.it\/news\/wp-content\/uploads\/2026\/09\/Take-Me-to-the-River_CamminoPesa_UNIFI_08-09.2026-19-810x1080.jpeg 810w, https:\/\/www.mediovaldarno.it\/news\/wp-content\/uploads\/2026\/09\/Take-Me-to-the-River_CamminoPesa_UNIFI_08-09.2026-19-240x320.jpeg 240w, https:\/\/www.mediovaldarno.it\/news\/wp-content\/uploads\/2026\/09\/Take-Me-to-the-River_CamminoPesa_UNIFI_08-09.2026-19-768x1024.jpeg 768w, https:\/\/www.mediovaldarno.it\/news\/wp-content\/uploads\/2026\/09\/Take-Me-to-the-River_CamminoPesa_UNIFI_08-09.2026-19-1152x1536.jpeg 1152w, https:\/\/www.mediovaldarno.it\/news\/wp-content\/uploads\/2026\/09\/Take-Me-to-the-River_CamminoPesa_UNIFI_08-09.2026-19-696x928.jpeg 696w, https:\/\/www.mediovaldarno.it\/news\/wp-content\/uploads\/2026\/09\/Take-Me-to-the-River_CamminoPesa_UNIFI_08-09.2026-19-1068x1424.jpeg 1068w, https:\/\/www.mediovaldarno.it\/news\/wp-content\/uploads\/2026\/09\/Take-Me-to-the-River_CamminoPesa_UNIFI_08-09.2026-19.jpeg 1200w\" sizes=\"(max-width: 315px) 100vw, 315px\" alt=\"\">\r\n                            <\/a>\r\n                            \r\n                        <\/figure>\r\n                    <\/div>\r\n                    <div class = \"td-slide-item td-item9\">\r\n                        <figure class=\"td-slide-galery-figure td-slide-popup-gallery\">\r\n                            <a class=\"slide-gallery-image-link\" href=\"https:\/\/www.mediovaldarno.it\/news\/wp-content\/uploads\/2026\/09\/Take-Me-to-the-River_CamminoPesa_UNIFI_08-09.2026-1.jpeg\" title=\"Take Me to the River_CamminoPesa_UNIFI_08-09.2026 (1)\"  data-caption=\"\"  data-description=\"\">\r\n                                <img decoding=\"async\" src=\"https:\/\/www.mediovaldarno.it\/news\/wp-content\/uploads\/2026\/09\/Take-Me-to-the-River_CamminoPesa_UNIFI_08-09.2026-1-280x420.jpeg\" srcset=\"https:\/\/www.mediovaldarno.it\/news\/wp-content\/uploads\/2026\/09\/Take-Me-to-the-River_CamminoPesa_UNIFI_08-09.2026-1-280x420.jpeg 280w, https:\/\/www.mediovaldarno.it\/news\/wp-content\/uploads\/2026\/09\/Take-Me-to-the-River_CamminoPesa_UNIFI_08-09.2026-1-340x510.jpeg 340w, https:\/\/www.mediovaldarno.it\/news\/wp-content\/uploads\/2026\/09\/Take-Me-to-the-River_CamminoPesa_UNIFI_08-09.2026-1-720x1080.jpeg 720w, https:\/\/www.mediovaldarno.it\/news\/wp-content\/uploads\/2026\/09\/Take-Me-to-the-River_CamminoPesa_UNIFI_08-09.2026-1-213x320.jpeg 213w, https:\/\/www.mediovaldarno.it\/news\/wp-content\/uploads\/2026\/09\/Take-Me-to-the-River_CamminoPesa_UNIFI_08-09.2026-1-768x1153.jpeg 768w, https:\/\/www.mediovaldarno.it\/news\/wp-content\/uploads\/2026\/09\/Take-Me-to-the-River_CamminoPesa_UNIFI_08-09.2026-1-1023x1536.jpeg 1023w, https:\/\/www.mediovaldarno.it\/news\/wp-content\/uploads\/2026\/09\/Take-Me-to-the-River_CamminoPesa_UNIFI_08-09.2026-1-696x1045.jpeg 696w, https:\/\/www.mediovaldarno.it\/news\/wp-content\/uploads\/2026\/09\/Take-Me-to-the-River_CamminoPesa_UNIFI_08-09.2026-1.jpeg 1066w\" sizes=\"(max-width: 280px) 100vw, 280px\" alt=\"\">\r\n                            <\/a>\r\n                            \r\n                        <\/figure>\r\n                    <\/div>\r\n                    <div class = \"td-slide-item td-item10\">\r\n                        <figure class=\"td-slide-galery-figure td-slide-popup-gallery\">\r\n                            <a class=\"slide-gallery-image-link\" href=\"https:\/\/www.mediovaldarno.it\/news\/wp-content\/uploads\/2026\/09\/Take-Me-to-the-River_CamminoPesa_UNIFI_08-09.2026-18.jpeg\" title=\"Take Me to the River_CamminoPesa_UNIFI_08-09.2026 (18)\"  data-caption=\"\"  data-description=\"\">\r\n                                <img decoding=\"async\" src=\"https:\/\/www.mediovaldarno.it\/news\/wp-content\/uploads\/2026\/09\/Take-Me-to-the-River_CamminoPesa_UNIFI_08-09.2026-18-315x420.jpeg\" srcset=\"https:\/\/www.mediovaldarno.it\/news\/wp-content\/uploads\/2026\/09\/Take-Me-to-the-River_CamminoPesa_UNIFI_08-09.2026-18-315x420.jpeg 315w, https:\/\/www.mediovaldarno.it\/news\/wp-content\/uploads\/2026\/09\/Take-Me-to-the-River_CamminoPesa_UNIFI_08-09.2026-18-383x510.jpeg 383w, https:\/\/www.mediovaldarno.it\/news\/wp-content\/uploads\/2026\/09\/Take-Me-to-the-River_CamminoPesa_UNIFI_08-09.2026-18-810x1080.jpeg 810w, https:\/\/www.mediovaldarno.it\/news\/wp-content\/uploads\/2026\/09\/Take-Me-to-the-River_CamminoPesa_UNIFI_08-09.2026-18-240x320.jpeg 240w, https:\/\/www.mediovaldarno.it\/news\/wp-content\/uploads\/2026\/09\/Take-Me-to-the-River_CamminoPesa_UNIFI_08-09.2026-18-768x1024.jpeg 768w, https:\/\/www.mediovaldarno.it\/news\/wp-content\/uploads\/2026\/09\/Take-Me-to-the-River_CamminoPesa_UNIFI_08-09.2026-18-1152x1536.jpeg 1152w, https:\/\/www.mediovaldarno.it\/news\/wp-content\/uploads\/2026\/09\/Take-Me-to-the-River_CamminoPesa_UNIFI_08-09.2026-18-696x928.jpeg 696w, https:\/\/www.mediovaldarno.it\/news\/wp-content\/uploads\/2026\/09\/Take-Me-to-the-River_CamminoPesa_UNIFI_08-09.2026-18-1068x1424.jpeg 1068w, https:\/\/www.mediovaldarno.it\/news\/wp-content\/uploads\/2026\/09\/Take-Me-to-the-River_CamminoPesa_UNIFI_08-09.2026-18.jpeg 1200w\" sizes=\"(max-width: 315px) 100vw, 315px\" alt=\"\">\r\n                            <\/a>\r\n                            \r\n                        <\/figure>\r\n                    <\/div>\r\n                    <div class = \"td-slide-item td-item11\">\r\n                        <figure class=\"td-slide-galery-figure td-slide-popup-gallery\">\r\n                            <a class=\"slide-gallery-image-link\" href=\"https:\/\/www.mediovaldarno.it\/news\/wp-content\/uploads\/2026\/09\/Take-Me-to-the-River_CamminoPesa_UNIFI_08-09.2026-3.jpeg\" title=\"Take Me to the River_CamminoPesa_UNIFI_08-09.2026 (3)\"  data-caption=\"\"  data-description=\"\">\r\n                                <img decoding=\"async\" src=\"https:\/\/www.mediovaldarno.it\/news\/wp-content\/uploads\/2026\/09\/Take-Me-to-the-River_CamminoPesa_UNIFI_08-09.2026-3-315x420.jpeg\" srcset=\"https:\/\/www.mediovaldarno.it\/news\/wp-content\/uploads\/2026\/09\/Take-Me-to-the-River_CamminoPesa_UNIFI_08-09.2026-3-315x420.jpeg 315w, https:\/\/www.mediovaldarno.it\/news\/wp-content\/uploads\/2026\/09\/Take-Me-to-the-River_CamminoPesa_UNIFI_08-09.2026-3-383x510.jpeg 383w, https:\/\/www.mediovaldarno.it\/news\/wp-content\/uploads\/2026\/09\/Take-Me-to-the-River_CamminoPesa_UNIFI_08-09.2026-3-810x1080.jpeg 810w, https:\/\/www.mediovaldarno.it\/news\/wp-content\/uploads\/2026\/09\/Take-Me-to-the-River_CamminoPesa_UNIFI_08-09.2026-3-240x320.jpeg 240w, https:\/\/www.mediovaldarno.it\/news\/wp-content\/uploads\/2026\/09\/Take-Me-to-the-River_CamminoPesa_UNIFI_08-09.2026-3-768x1024.jpeg 768w, https:\/\/www.mediovaldarno.it\/news\/wp-content\/uploads\/2026\/09\/Take-Me-to-the-River_CamminoPesa_UNIFI_08-09.2026-3-1152x1536.jpeg 1152w, https:\/\/www.mediovaldarno.it\/news\/wp-content\/uploads\/2026\/09\/Take-Me-to-the-River_CamminoPesa_UNIFI_08-09.2026-3-696x928.jpeg 696w, https:\/\/www.mediovaldarno.it\/news\/wp-content\/uploads\/2026\/09\/Take-Me-to-the-River_CamminoPesa_UNIFI_08-09.2026-3-1068x1424.jpeg 1068w, https:\/\/www.mediovaldarno.it\/news\/wp-content\/uploads\/2026\/09\/Take-Me-to-the-River_CamminoPesa_UNIFI_08-09.2026-3.jpeg 1200w\" sizes=\"(max-width: 315px) 100vw, 315px\" alt=\"\">\r\n                            <\/a>\r\n                            \r\n                        <\/figure>\r\n                    <\/div>\r\n                    <div class = \"td-slide-item td-item12\">\r\n                        <figure class=\"td-slide-galery-figure td-slide-popup-gallery\">\r\n                            <a class=\"slide-gallery-image-link\" href=\"https:\/\/www.mediovaldarno.it\/news\/wp-content\/uploads\/2026\/09\/Take-Me-to-the-River_CamminoPesa_UNIFI_08-09.2026-20.jpeg\" title=\"Take Me to the River_CamminoPesa_UNIFI_08-09.2026 (20)\"  data-caption=\"\"  data-description=\"\">\r\n                                <img decoding=\"async\" src=\"https:\/\/www.mediovaldarno.it\/news\/wp-content\/uploads\/2026\/09\/Take-Me-to-the-River_CamminoPesa_UNIFI_08-09.2026-20-630x420.jpeg\" srcset=\"https:\/\/www.mediovaldarno.it\/news\/wp-content\/uploads\/2026\/09\/Take-Me-to-the-River_CamminoPesa_UNIFI_08-09.2026-20-630x420.jpeg 630w, https:\/\/www.mediovaldarno.it\/news\/wp-content\/uploads\/2026\/09\/Take-Me-to-the-River_CamminoPesa_UNIFI_08-09.2026-20-510x340.jpeg 510w, https:\/\/www.mediovaldarno.it\/news\/wp-content\/uploads\/2026\/09\/Take-Me-to-the-River_CamminoPesa_UNIFI_08-09.2026-20-1080x720.jpeg 1080w, https:\/\/www.mediovaldarno.it\/news\/wp-content\/uploads\/2026\/09\/Take-Me-to-the-River_CamminoPesa_UNIFI_08-09.2026-20-320x213.jpeg 320w, https:\/\/www.mediovaldarno.it\/news\/wp-content\/uploads\/2026\/09\/Take-Me-to-the-River_CamminoPesa_UNIFI_08-09.2026-20-768x512.jpeg 768w, https:\/\/www.mediovaldarno.it\/news\/wp-content\/uploads\/2026\/09\/Take-Me-to-the-River_CamminoPesa_UNIFI_08-09.2026-20-1536x1023.jpeg 1536w, https:\/\/www.mediovaldarno.it\/news\/wp-content\/uploads\/2026\/09\/Take-Me-to-the-River_CamminoPesa_UNIFI_08-09.2026-20-696x464.jpeg 696w, https:\/\/www.mediovaldarno.it\/news\/wp-content\/uploads\/2026\/09\/Take-Me-to-the-River_CamminoPesa_UNIFI_08-09.2026-20-1068x712.jpeg 1068w, https:\/\/www.mediovaldarno.it\/news\/wp-content\/uploads\/2026\/09\/Take-Me-to-the-River_CamminoPesa_UNIFI_08-09.2026-20-1320x879.jpeg 1320w, https:\/\/www.mediovaldarno.it\/news\/wp-content\/uploads\/2026\/09\/Take-Me-to-the-River_CamminoPesa_UNIFI_08-09.2026-20.jpeg 1600w\" sizes=\"(max-width: 630px) 100vw, 630px\" alt=\"\">\r\n                            <\/a>\r\n                            \r\n                        <\/figure>\r\n                    <\/div>\r\n                    <div class = \"td-slide-item td-item13\">\r\n                        <figure class=\"td-slide-galery-figure td-slide-popup-gallery\">\r\n                            <a class=\"slide-gallery-image-link\" href=\"https:\/\/www.mediovaldarno.it\/news\/wp-content\/uploads\/2026\/09\/Take-Me-to-the-River_CamminoPesa_UNIFI_08-09.2026-17.jpeg\" title=\"Take Me to the River_CamminoPesa_UNIFI_08-09.2026 (17)\"  data-caption=\"\"  data-description=\"\">\r\n                                <img decoding=\"async\" src=\"https:\/\/www.mediovaldarno.it\/news\/wp-content\/uploads\/2026\/09\/Take-Me-to-the-River_CamminoPesa_UNIFI_08-09.2026-17-315x420.jpeg\" srcset=\"https:\/\/www.mediovaldarno.it\/news\/wp-content\/uploads\/2026\/09\/Take-Me-to-the-River_CamminoPesa_UNIFI_08-09.2026-17-315x420.jpeg 315w, https:\/\/www.mediovaldarno.it\/news\/wp-content\/uploads\/2026\/09\/Take-Me-to-the-River_CamminoPesa_UNIFI_08-09.2026-17-383x510.jpeg 383w, https:\/\/www.mediovaldarno.it\/news\/wp-content\/uploads\/2026\/09\/Take-Me-to-the-River_CamminoPesa_UNIFI_08-09.2026-17-810x1080.jpeg 810w, https:\/\/www.mediovaldarno.it\/news\/wp-content\/uploads\/2026\/09\/Take-Me-to-the-River_CamminoPesa_UNIFI_08-09.2026-17-240x320.jpeg 240w, https:\/\/www.mediovaldarno.it\/news\/wp-content\/uploads\/2026\/09\/Take-Me-to-the-River_CamminoPesa_UNIFI_08-09.2026-17-768x1024.jpeg 768w, https:\/\/www.mediovaldarno.it\/news\/wp-content\/uploads\/2026\/09\/Take-Me-to-the-River_CamminoPesa_UNIFI_08-09.2026-17-1152x1536.jpeg 1152w, https:\/\/www.mediovaldarno.it\/news\/wp-content\/uploads\/2026\/09\/Take-Me-to-the-River_CamminoPesa_UNIFI_08-09.2026-17-696x928.jpeg 696w, https:\/\/www.mediovaldarno.it\/news\/wp-content\/uploads\/2026\/09\/Take-Me-to-the-River_CamminoPesa_UNIFI_08-09.2026-17-1068x1424.jpeg 1068w, https:\/\/www.mediovaldarno.it\/news\/wp-content\/uploads\/2026\/09\/Take-Me-to-the-River_CamminoPesa_UNIFI_08-09.2026-17.jpeg 1200w\" sizes=\"(max-width: 315px) 100vw, 315px\" alt=\"\">\r\n                            <\/a>\r\n                            \r\n                        <\/figure>\r\n                    <\/div>\r\n                    <div class = \"td-slide-item td-item14\">\r\n                        <figure class=\"td-slide-galery-figure td-slide-popup-gallery\">\r\n                            <a class=\"slide-gallery-image-link\" href=\"https:\/\/www.mediovaldarno.it\/news\/wp-content\/uploads\/2026\/09\/Take-Me-to-the-River_CamminoPesa_UNIFI_08-09.2026-11.jpeg\" title=\"Take Me to the River_CamminoPesa_UNIFI_08-09.2026 (11)\"  data-caption=\"\"  data-description=\"\">\r\n                                <img decoding=\"async\" src=\"https:\/\/www.mediovaldarno.it\/news\/wp-content\/uploads\/2026\/09\/Take-Me-to-the-River_CamminoPesa_UNIFI_08-09.2026-11-560x420.jpeg\" srcset=\"https:\/\/www.mediovaldarno.it\/news\/wp-content\/uploads\/2026\/09\/Take-Me-to-the-River_CamminoPesa_UNIFI_08-09.2026-11-560x420.jpeg 560w, https:\/\/www.mediovaldarno.it\/news\/wp-content\/uploads\/2026\/09\/Take-Me-to-the-River_CamminoPesa_UNIFI_08-09.2026-11-510x383.jpeg 510w, https:\/\/www.mediovaldarno.it\/news\/wp-content\/uploads\/2026\/09\/Take-Me-to-the-River_CamminoPesa_UNIFI_08-09.2026-11-1080x810.jpeg 1080w, https:\/\/www.mediovaldarno.it\/news\/wp-content\/uploads\/2026\/09\/Take-Me-to-the-River_CamminoPesa_UNIFI_08-09.2026-11-320x240.jpeg 320w, https:\/\/www.mediovaldarno.it\/news\/wp-content\/uploads\/2026\/09\/Take-Me-to-the-River_CamminoPesa_UNIFI_08-09.2026-11-768x576.jpeg 768w, https:\/\/www.mediovaldarno.it\/news\/wp-content\/uploads\/2026\/09\/Take-Me-to-the-River_CamminoPesa_UNIFI_08-09.2026-11-1536x1152.jpeg 1536w, https:\/\/www.mediovaldarno.it\/news\/wp-content\/uploads\/2026\/09\/Take-Me-to-the-River_CamminoPesa_UNIFI_08-09.2026-11-696x522.jpeg 696w, https:\/\/www.mediovaldarno.it\/news\/wp-content\/uploads\/2026\/09\/Take-Me-to-the-River_CamminoPesa_UNIFI_08-09.2026-11-1068x801.jpeg 1068w, https:\/\/www.mediovaldarno.it\/news\/wp-content\/uploads\/2026\/09\/Take-Me-to-the-River_CamminoPesa_UNIFI_08-09.2026-11-80x60.jpeg 80w, https:\/\/www.mediovaldarno.it\/news\/wp-content\/uploads\/2026\/09\/Take-Me-to-the-River_CamminoPesa_UNIFI_08-09.2026-11-265x198.jpeg 265w, https:\/\/www.mediovaldarno.it\/news\/wp-content\/uploads\/2026\/09\/Take-Me-to-the-River_CamminoPesa_UNIFI_08-09.2026-11-1320x990.jpeg 1320w, https:\/\/www.mediovaldarno.it\/news\/wp-content\/uploads\/2026\/09\/Take-Me-to-the-River_CamminoPesa_UNIFI_08-09.2026-11.jpeg 1600w\" sizes=\"(max-width: 560px) 100vw, 560px\" alt=\"\">\r\n                            <\/a>\r\n                            \r\n                        <\/figure>\r\n                    <\/div>\r\n                    <div class = \"td-slide-item td-item15\">\r\n                        <figure class=\"td-slide-galery-figure td-slide-popup-gallery\">\r\n                            <a class=\"slide-gallery-image-link\" href=\"https:\/\/www.mediovaldarno.it\/news\/wp-content\/uploads\/2026\/09\/Take-Me-to-the-River_CamminoPesa_UNIFI_08-09.2026-16.jpeg\" title=\"Take Me to the River_CamminoPesa_UNIFI_08-09.2026 (16)\"  data-caption=\"\"  data-description=\"\">\r\n                                <img decoding=\"async\" src=\"https:\/\/www.mediovaldarno.it\/news\/wp-content\/uploads\/2026\/09\/Take-Me-to-the-River_CamminoPesa_UNIFI_08-09.2026-16-257x420.jpeg\" srcset=\"https:\/\/www.mediovaldarno.it\/news\/wp-content\/uploads\/2026\/09\/Take-Me-to-the-River_CamminoPesa_UNIFI_08-09.2026-16-257x420.jpeg 257w, https:\/\/www.mediovaldarno.it\/news\/wp-content\/uploads\/2026\/09\/Take-Me-to-the-River_CamminoPesa_UNIFI_08-09.2026-16-311x510.jpeg 311w, https:\/\/www.mediovaldarno.it\/news\/wp-content\/uploads\/2026\/09\/Take-Me-to-the-River_CamminoPesa_UNIFI_08-09.2026-16-660x1080.jpeg 660w, https:\/\/www.mediovaldarno.it\/news\/wp-content\/uploads\/2026\/09\/Take-Me-to-the-River_CamminoPesa_UNIFI_08-09.2026-16-195x320.jpeg 195w, https:\/\/www.mediovaldarno.it\/news\/wp-content\/uploads\/2026\/09\/Take-Me-to-the-River_CamminoPesa_UNIFI_08-09.2026-16-768x1257.jpeg 768w, https:\/\/www.mediovaldarno.it\/news\/wp-content\/uploads\/2026\/09\/Take-Me-to-the-River_CamminoPesa_UNIFI_08-09.2026-16-696x1140.jpeg 696w, https:\/\/www.mediovaldarno.it\/news\/wp-content\/uploads\/2026\/09\/Take-Me-to-the-River_CamminoPesa_UNIFI_08-09.2026-16.jpeg 921w\" sizes=\"(max-width: 257px) 100vw, 257px\" alt=\"\">\r\n                            <\/a>\r\n                            \r\n                        <\/figure>\r\n                    <\/div>\r\n                    <div class = \"td-slide-item td-item16\">\r\n                        <figure class=\"td-slide-galery-figure td-slide-popup-gallery\">\r\n                            <a class=\"slide-gallery-image-link\" href=\"https:\/\/www.mediovaldarno.it\/news\/wp-content\/uploads\/2026\/09\/Take-Me-to-the-River_CamminoPesa_UNIFI_08-09.2026-14.jpeg\" title=\"Take Me to the River_CamminoPesa_UNIFI_08-09.2026 (14)\"  data-caption=\"\"  data-description=\"\">\r\n                                <img decoding=\"async\" src=\"https:\/\/www.mediovaldarno.it\/news\/wp-content\/uploads\/2026\/09\/Take-Me-to-the-River_CamminoPesa_UNIFI_08-09.2026-14-747x420.jpeg\" srcset=\"https:\/\/www.mediovaldarno.it\/news\/wp-content\/uploads\/2026\/09\/Take-Me-to-the-River_CamminoPesa_UNIFI_08-09.2026-14-747x420.jpeg 747w, https:\/\/www.mediovaldarno.it\/news\/wp-content\/uploads\/2026\/09\/Take-Me-to-the-River_CamminoPesa_UNIFI_08-09.2026-14-510x287.jpeg 510w, https:\/\/www.mediovaldarno.it\/news\/wp-content\/uploads\/2026\/09\/Take-Me-to-the-River_CamminoPesa_UNIFI_08-09.2026-14-1080x608.jpeg 1080w, https:\/\/www.mediovaldarno.it\/news\/wp-content\/uploads\/2026\/09\/Take-Me-to-the-River_CamminoPesa_UNIFI_08-09.2026-14-320x180.jpeg 320w, https:\/\/www.mediovaldarno.it\/news\/wp-content\/uploads\/2026\/09\/Take-Me-to-the-River_CamminoPesa_UNIFI_08-09.2026-14-768x432.jpeg 768w, https:\/\/www.mediovaldarno.it\/news\/wp-content\/uploads\/2026\/09\/Take-Me-to-the-River_CamminoPesa_UNIFI_08-09.2026-14-1536x864.jpeg 1536w, https:\/\/www.mediovaldarno.it\/news\/wp-content\/uploads\/2026\/09\/Take-Me-to-the-River_CamminoPesa_UNIFI_08-09.2026-14-696x392.jpeg 696w, https:\/\/www.mediovaldarno.it\/news\/wp-content\/uploads\/2026\/09\/Take-Me-to-the-River_CamminoPesa_UNIFI_08-09.2026-14-1068x601.jpeg 1068w, https:\/\/www.mediovaldarno.it\/news\/wp-content\/uploads\/2026\/09\/Take-Me-to-the-River_CamminoPesa_UNIFI_08-09.2026-14-1320x743.jpeg 1320w, https:\/\/www.mediovaldarno.it\/news\/wp-content\/uploads\/2026\/09\/Take-Me-to-the-River_CamminoPesa_UNIFI_08-09.2026-14.jpeg 1600w\" sizes=\"(max-width: 747px) 100vw, 747px\" alt=\"\">\r\n                            <\/a>\r\n                            \r\n                        <\/figure>\r\n                    <\/div>\r\n                    <div class = \"td-slide-item td-item17\">\r\n                        <figure class=\"td-slide-galery-figure td-slide-popup-gallery\">\r\n                            <a class=\"slide-gallery-image-link\" href=\"https:\/\/www.mediovaldarno.it\/news\/wp-content\/uploads\/2026\/09\/Take-Me-to-the-River_CamminoPesa_UNIFI_08-09.2026-12.jpeg\" title=\"Take Me to the River_CamminoPesa_UNIFI_08-09.2026 (12)\"  data-caption=\"\"  data-description=\"\">\r\n                                <img decoding=\"async\" src=\"https:\/\/www.mediovaldarno.it\/news\/wp-content\/uploads\/2026\/09\/Take-Me-to-the-River_CamminoPesa_UNIFI_08-09.2026-12-315x420.jpeg\" srcset=\"https:\/\/www.mediovaldarno.it\/news\/wp-content\/uploads\/2026\/09\/Take-Me-to-the-River_CamminoPesa_UNIFI_08-09.2026-12-315x420.jpeg 315w, https:\/\/www.mediovaldarno.it\/news\/wp-content\/uploads\/2026\/09\/Take-Me-to-the-River_CamminoPesa_UNIFI_08-09.2026-12-383x510.jpeg 383w, https:\/\/www.mediovaldarno.it\/news\/wp-content\/uploads\/2026\/09\/Take-Me-to-the-River_CamminoPesa_UNIFI_08-09.2026-12-810x1080.jpeg 810w, https:\/\/www.mediovaldarno.it\/news\/wp-content\/uploads\/2026\/09\/Take-Me-to-the-River_CamminoPesa_UNIFI_08-09.2026-12-240x320.jpeg 240w, https:\/\/www.mediovaldarno.it\/news\/wp-content\/uploads\/2026\/09\/Take-Me-to-the-River_CamminoPesa_UNIFI_08-09.2026-12-768x1024.jpeg 768w, https:\/\/www.mediovaldarno.it\/news\/wp-content\/uploads\/2026\/09\/Take-Me-to-the-River_CamminoPesa_UNIFI_08-09.2026-12-1152x1536.jpeg 1152w, https:\/\/www.mediovaldarno.it\/news\/wp-content\/uploads\/2026\/09\/Take-Me-to-the-River_CamminoPesa_UNIFI_08-09.2026-12-696x928.jpeg 696w, https:\/\/www.mediovaldarno.it\/news\/wp-content\/uploads\/2026\/09\/Take-Me-to-the-River_CamminoPesa_UNIFI_08-09.2026-12-1068x1424.jpeg 1068w, https:\/\/www.mediovaldarno.it\/news\/wp-content\/uploads\/2026\/09\/Take-Me-to-the-River_CamminoPesa_UNIFI_08-09.2026-12.jpeg 1200w\" sizes=\"(max-width: 315px) 100vw, 315px\" alt=\"\">\r\n                            <\/a>\r\n                            \r\n                        <\/figure>\r\n                    <\/div>\r\n                    <div class = \"td-slide-item td-item18\">\r\n                        <figure class=\"td-slide-galery-figure td-slide-popup-gallery\">\r\n                            <a class=\"slide-gallery-image-link\" href=\"https:\/\/www.mediovaldarno.it\/news\/wp-content\/uploads\/2026\/09\/Take-Me-to-the-River_CamminoPesa_UNIFI_08-09.2026-15.jpeg\" title=\"Take Me to the River_CamminoPesa_UNIFI_08-09.2026 (15)\"  data-caption=\"\"  data-description=\"\">\r\n                                <img decoding=\"async\" src=\"https:\/\/www.mediovaldarno.it\/news\/wp-content\/uploads\/2026\/09\/Take-Me-to-the-River_CamminoPesa_UNIFI_08-09.2026-15-747x420.jpeg\" srcset=\"https:\/\/www.mediovaldarno.it\/news\/wp-content\/uploads\/2026\/09\/Take-Me-to-the-River_CamminoPesa_UNIFI_08-09.2026-15-747x420.jpeg 747w, https:\/\/www.mediovaldarno.it\/news\/wp-content\/uploads\/2026\/09\/Take-Me-to-the-River_CamminoPesa_UNIFI_08-09.2026-15-510x287.jpeg 510w, https:\/\/www.mediovaldarno.it\/news\/wp-content\/uploads\/2026\/09\/Take-Me-to-the-River_CamminoPesa_UNIFI_08-09.2026-15-1080x607.jpeg 1080w, https:\/\/www.mediovaldarno.it\/news\/wp-content\/uploads\/2026\/09\/Take-Me-to-the-River_CamminoPesa_UNIFI_08-09.2026-15-320x180.jpeg 320w, https:\/\/www.mediovaldarno.it\/news\/wp-content\/uploads\/2026\/09\/Take-Me-to-the-River_CamminoPesa_UNIFI_08-09.2026-15-768x432.jpeg 768w, https:\/\/www.mediovaldarno.it\/news\/wp-content\/uploads\/2026\/09\/Take-Me-to-the-River_CamminoPesa_UNIFI_08-09.2026-15-1536x864.jpeg 1536w, https:\/\/www.mediovaldarno.it\/news\/wp-content\/uploads\/2026\/09\/Take-Me-to-the-River_CamminoPesa_UNIFI_08-09.2026-15-696x391.jpeg 696w, https:\/\/www.mediovaldarno.it\/news\/wp-content\/uploads\/2026\/09\/Take-Me-to-the-River_CamminoPesa_UNIFI_08-09.2026-15-1068x600.jpeg 1068w, https:\/\/www.mediovaldarno.it\/news\/wp-content\/uploads\/2026\/09\/Take-Me-to-the-River_CamminoPesa_UNIFI_08-09.2026-15-1320x742.jpeg 1320w, https:\/\/www.mediovaldarno.it\/news\/wp-content\/uploads\/2026\/09\/Take-Me-to-the-River_CamminoPesa_UNIFI_08-09.2026-15.jpeg 1599w\" sizes=\"(max-width: 747px) 100vw, 747px\" alt=\"\">\r\n                            <\/a>\r\n                            \r\n                        <\/figure>\r\n                    <\/div>\r\n                    <div class = \"td-slide-item td-item19\">\r\n                        <figure class=\"td-slide-galery-figure td-slide-popup-gallery\">\r\n                            <a class=\"slide-gallery-image-link\" href=\"https:\/\/www.mediovaldarno.it\/news\/wp-content\/uploads\/2026\/09\/Take-Me-to-the-River_CamminoPesa_UNIFI_08-09.2026-2.jpg\" title=\"Take Me to the River_CamminoPesa_UNIFI_08-09.2026 (2)\"  data-caption=\"\"  data-description=\"\">\r\n                                <img decoding=\"async\" src=\"https:\/\/www.mediovaldarno.it\/news\/wp-content\/uploads\/2026\/09\/Take-Me-to-the-River_CamminoPesa_UNIFI_08-09.2026-2-560x420.jpg\" srcset=\"https:\/\/www.mediovaldarno.it\/news\/wp-content\/uploads\/2026\/09\/Take-Me-to-the-River_CamminoPesa_UNIFI_08-09.2026-2-560x420.jpg 560w, https:\/\/www.mediovaldarno.it\/news\/wp-content\/uploads\/2026\/09\/Take-Me-to-the-River_CamminoPesa_UNIFI_08-09.2026-2-510x383.jpg 510w, https:\/\/www.mediovaldarno.it\/news\/wp-content\/uploads\/2026\/09\/Take-Me-to-the-River_CamminoPesa_UNIFI_08-09.2026-2-1080x810.jpg 1080w, https:\/\/www.mediovaldarno.it\/news\/wp-content\/uploads\/2026\/09\/Take-Me-to-the-River_CamminoPesa_UNIFI_08-09.2026-2-320x240.jpg 320w, https:\/\/www.mediovaldarno.it\/news\/wp-content\/uploads\/2026\/09\/Take-Me-to-the-River_CamminoPesa_UNIFI_08-09.2026-2-768x576.jpg 768w, https:\/\/www.mediovaldarno.it\/news\/wp-content\/uploads\/2026\/09\/Take-Me-to-the-River_CamminoPesa_UNIFI_08-09.2026-2-1536x1152.jpg 1536w, https:\/\/www.mediovaldarno.it\/news\/wp-content\/uploads\/2026\/09\/Take-Me-to-the-River_CamminoPesa_UNIFI_08-09.2026-2-696x522.jpg 696w, https:\/\/www.mediovaldarno.it\/news\/wp-content\/uploads\/2026\/09\/Take-Me-to-the-River_CamminoPesa_UNIFI_08-09.2026-2-1068x801.jpg 1068w, https:\/\/www.mediovaldarno.it\/news\/wp-content\/uploads\/2026\/09\/Take-Me-to-the-River_CamminoPesa_UNIFI_08-09.2026-2-80x60.jpg 80w, https:\/\/www.mediovaldarno.it\/news\/wp-content\/uploads\/2026\/09\/Take-Me-to-the-River_CamminoPesa_UNIFI_08-09.2026-2-265x198.jpg 265w, https:\/\/www.mediovaldarno.it\/news\/wp-content\/uploads\/2026\/09\/Take-Me-to-the-River_CamminoPesa_UNIFI_08-09.2026-2-1320x990.jpg 1320w, https:\/\/www.mediovaldarno.it\/news\/wp-content\/uploads\/2026\/09\/Take-Me-to-the-River_CamminoPesa_UNIFI_08-09.2026-2.jpg 1920w\" sizes=\"(max-width: 560px) 100vw, 560px\" alt=\"\">\r\n                            <\/a>\r\n                            \r\n                        <\/figure>\r\n                    <\/div>\r\n                    <div class = \"td-slide-item td-item20\">\r\n                        <figure class=\"td-slide-galery-figure td-slide-popup-gallery\">\r\n                            <a class=\"slide-gallery-image-link\" href=\"https:\/\/www.mediovaldarno.it\/news\/wp-content\/uploads\/2026\/09\/Take-Me-to-the-River_CamminoPesa_UNIFI_08-09.2026-6.jpg\" title=\"Take Me to the River_CamminoPesa_UNIFI_08-09.2026 (6)\"  data-caption=\"\"  data-description=\"\">\r\n                                <img decoding=\"async\" src=\"https:\/\/www.mediovaldarno.it\/news\/wp-content\/uploads\/2026\/09\/Take-Me-to-the-River_CamminoPesa_UNIFI_08-09.2026-6-560x420.jpg\" srcset=\"https:\/\/www.mediovaldarno.it\/news\/wp-content\/uploads\/2026\/09\/Take-Me-to-the-River_CamminoPesa_UNIFI_08-09.2026-6-560x420.jpg 560w, https:\/\/www.mediovaldarno.it\/news\/wp-content\/uploads\/2026\/09\/Take-Me-to-the-River_CamminoPesa_UNIFI_08-09.2026-6-510x383.jpg 510w, https:\/\/www.mediovaldarno.it\/news\/wp-content\/uploads\/2026\/09\/Take-Me-to-the-River_CamminoPesa_UNIFI_08-09.2026-6-1080x810.jpg 1080w, https:\/\/www.mediovaldarno.it\/news\/wp-content\/uploads\/2026\/09\/Take-Me-to-the-River_CamminoPesa_UNIFI_08-09.2026-6-320x240.jpg 320w, https:\/\/www.mediovaldarno.it\/news\/wp-content\/uploads\/2026\/09\/Take-Me-to-the-River_CamminoPesa_UNIFI_08-09.2026-6-768x576.jpg 768w, https:\/\/www.mediovaldarno.it\/news\/wp-content\/uploads\/2026\/09\/Take-Me-to-the-River_CamminoPesa_UNIFI_08-09.2026-6-1536x1152.jpg 1536w, https:\/\/www.mediovaldarno.it\/news\/wp-content\/uploads\/2026\/09\/Take-Me-to-the-River_CamminoPesa_UNIFI_08-09.2026-6-696x522.jpg 696w, https:\/\/www.mediovaldarno.it\/news\/wp-content\/uploads\/2026\/09\/Take-Me-to-the-River_CamminoPesa_UNIFI_08-09.2026-6-1068x801.jpg 1068w, https:\/\/www.mediovaldarno.it\/news\/wp-content\/uploads\/2026\/09\/Take-Me-to-the-River_CamminoPesa_UNIFI_08-09.2026-6-80x60.jpg 80w, https:\/\/www.mediovaldarno.it\/news\/wp-content\/uploads\/2026\/09\/Take-Me-to-the-River_CamminoPesa_UNIFI_08-09.2026-6-265x198.jpg 265w, https:\/\/www.mediovaldarno.it\/news\/wp-content\/uploads\/2026\/09\/Take-Me-to-the-River_CamminoPesa_UNIFI_08-09.2026-6-1320x990.jpg 1320w, https:\/\/www.mediovaldarno.it\/news\/wp-content\/uploads\/2026\/09\/Take-Me-to-the-River_CamminoPesa_UNIFI_08-09.2026-6.jpg 1920w\" sizes=\"(max-width: 560px) 100vw, 560px\" alt=\"\">\r\n                            <\/a>\r\n                            \r\n                        <\/figure>\r\n                    <\/div>\r\n                    <div class = \"td-slide-item td-item21\">\r\n                        <figure class=\"td-slide-galery-figure td-slide-popup-gallery\">\r\n                            <a class=\"slide-gallery-image-link\" href=\"https:\/\/www.mediovaldarno.it\/news\/wp-content\/uploads\/2026\/09\/Take-Me-to-the-River_CamminoPesa_UNIFI_08-09.2026-1.jpg\" title=\"Take Me to the River_CamminoPesa_UNIFI_08-09.2026 (1)\"  data-caption=\"\"  data-description=\"\">\r\n                                <img decoding=\"async\" src=\"https:\/\/www.mediovaldarno.it\/news\/wp-content\/uploads\/2026\/09\/Take-Me-to-the-River_CamminoPesa_UNIFI_08-09.2026-1-560x420.jpg\" srcset=\"https:\/\/www.mediovaldarno.it\/news\/wp-content\/uploads\/2026\/09\/Take-Me-to-the-River_CamminoPesa_UNIFI_08-09.2026-1-560x420.jpg 560w, https:\/\/www.mediovaldarno.it\/news\/wp-content\/uploads\/2026\/09\/Take-Me-to-the-River_CamminoPesa_UNIFI_08-09.2026-1-510x383.jpg 510w, https:\/\/www.mediovaldarno.it\/news\/wp-content\/uploads\/2026\/09\/Take-Me-to-the-River_CamminoPesa_UNIFI_08-09.2026-1-1080x810.jpg 1080w, https:\/\/www.mediovaldarno.it\/news\/wp-content\/uploads\/2026\/09\/Take-Me-to-the-River_CamminoPesa_UNIFI_08-09.2026-1-320x240.jpg 320w, https:\/\/www.mediovaldarno.it\/news\/wp-content\/uploads\/2026\/09\/Take-Me-to-the-River_CamminoPesa_UNIFI_08-09.2026-1-768x576.jpg 768w, https:\/\/www.mediovaldarno.it\/news\/wp-content\/uploads\/2026\/09\/Take-Me-to-the-River_CamminoPesa_UNIFI_08-09.2026-1-1536x1152.jpg 1536w, https:\/\/www.mediovaldarno.it\/news\/wp-content\/uploads\/2026\/09\/Take-Me-to-the-River_CamminoPesa_UNIFI_08-09.2026-1-696x522.jpg 696w, https:\/\/www.mediovaldarno.it\/news\/wp-content\/uploads\/2026\/09\/Take-Me-to-the-River_CamminoPesa_UNIFI_08-09.2026-1-1068x801.jpg 1068w, https:\/\/www.mediovaldarno.it\/news\/wp-content\/uploads\/2026\/09\/Take-Me-to-the-River_CamminoPesa_UNIFI_08-09.2026-1-80x60.jpg 80w, https:\/\/www.mediovaldarno.it\/news\/wp-content\/uploads\/2026\/09\/Take-Me-to-the-River_CamminoPesa_UNIFI_08-09.2026-1-265x198.jpg 265w, https:\/\/www.mediovaldarno.it\/news\/wp-content\/uploads\/2026\/09\/Take-Me-to-the-River_CamminoPesa_UNIFI_08-09.2026-1-1320x990.jpg 1320w, https:\/\/www.mediovaldarno.it\/news\/wp-content\/uploads\/2026\/09\/Take-Me-to-the-River_CamminoPesa_UNIFI_08-09.2026-1.jpg 1920w\" sizes=\"(max-width: 560px) 100vw, 560px\" alt=\"\">\r\n                            <\/a>\r\n                            \r\n                        <\/figure>\r\n                    <\/div>\r\n                    <div class = \"td-slide-item td-item22\">\r\n                        <figure class=\"td-slide-galery-figure td-slide-popup-gallery\">\r\n                            <a class=\"slide-gallery-image-link\" href=\"https:\/\/www.mediovaldarno.it\/news\/wp-content\/uploads\/2026\/09\/Take-Me-to-the-River_CamminoPesa_UNIFI_08-09.2026-5.jpg\" title=\"Take Me to the River_CamminoPesa_UNIFI_08-09.2026 (5)\"  data-caption=\"\"  data-description=\"\">\r\n                                <img decoding=\"async\" src=\"https:\/\/www.mediovaldarno.it\/news\/wp-content\/uploads\/2026\/09\/Take-Me-to-the-River_CamminoPesa_UNIFI_08-09.2026-5-315x420.jpg\" srcset=\"https:\/\/www.mediovaldarno.it\/news\/wp-content\/uploads\/2026\/09\/Take-Me-to-the-River_CamminoPesa_UNIFI_08-09.2026-5-315x420.jpg 315w, https:\/\/www.mediovaldarno.it\/news\/wp-content\/uploads\/2026\/09\/Take-Me-to-the-River_CamminoPesa_UNIFI_08-09.2026-5-383x510.jpg 383w, https:\/\/www.mediovaldarno.it\/news\/wp-content\/uploads\/2026\/09\/Take-Me-to-the-River_CamminoPesa_UNIFI_08-09.2026-5-810x1080.jpg 810w, https:\/\/www.mediovaldarno.it\/news\/wp-content\/uploads\/2026\/09\/Take-Me-to-the-River_CamminoPesa_UNIFI_08-09.2026-5-240x320.jpg 240w, https:\/\/www.mediovaldarno.it\/news\/wp-content\/uploads\/2026\/09\/Take-Me-to-the-River_CamminoPesa_UNIFI_08-09.2026-5-768x1024.jpg 768w, https:\/\/www.mediovaldarno.it\/news\/wp-content\/uploads\/2026\/09\/Take-Me-to-the-River_CamminoPesa_UNIFI_08-09.2026-5-1152x1536.jpg 1152w, https:\/\/www.mediovaldarno.it\/news\/wp-content\/uploads\/2026\/09\/Take-Me-to-the-River_CamminoPesa_UNIFI_08-09.2026-5-696x928.jpg 696w, https:\/\/www.mediovaldarno.it\/news\/wp-content\/uploads\/2026\/09\/Take-Me-to-the-River_CamminoPesa_UNIFI_08-09.2026-5-1068x1424.jpg 1068w, https:\/\/www.mediovaldarno.it\/news\/wp-content\/uploads\/2026\/09\/Take-Me-to-the-River_CamminoPesa_UNIFI_08-09.2026-5-1320x1760.jpg 1320w, https:\/\/www.mediovaldarno.it\/news\/wp-content\/uploads\/2026\/09\/Take-Me-to-the-River_CamminoPesa_UNIFI_08-09.2026-5.jpg 1440w\" sizes=\"(max-width: 315px) 100vw, 315px\" alt=\"\">\r\n                            <\/a>\r\n                            \r\n                        <\/figure>\r\n                    <\/div>\r\n                    <div class = \"td-slide-item td-item23\">\r\n                        <figure class=\"td-slide-galery-figure td-slide-popup-gallery\">\r\n                            <a class=\"slide-gallery-image-link\" href=\"https:\/\/www.mediovaldarno.it\/news\/wp-content\/uploads\/2026\/09\/Take-Me-to-the-River_CamminoPesa_UNIFI_08-09.2026-3.jpg\" title=\"Take Me to the River_CamminoPesa_UNIFI_08-09.2026 (3)\"  data-caption=\"\"  data-description=\"\">\r\n                                <img decoding=\"async\" src=\"https:\/\/www.mediovaldarno.it\/news\/wp-content\/uploads\/2026\/09\/Take-Me-to-the-River_CamminoPesa_UNIFI_08-09.2026-3-315x420.jpg\" srcset=\"https:\/\/www.mediovaldarno.it\/news\/wp-content\/uploads\/2026\/09\/Take-Me-to-the-River_CamminoPesa_UNIFI_08-09.2026-3-315x420.jpg 315w, https:\/\/www.mediovaldarno.it\/news\/wp-content\/uploads\/2026\/09\/Take-Me-to-the-River_CamminoPesa_UNIFI_08-09.2026-3-383x510.jpg 383w, https:\/\/www.mediovaldarno.it\/news\/wp-content\/uploads\/2026\/09\/Take-Me-to-the-River_CamminoPesa_UNIFI_08-09.2026-3-810x1080.jpg 810w, https:\/\/www.mediovaldarno.it\/news\/wp-content\/uploads\/2026\/09\/Take-Me-to-the-River_CamminoPesa_UNIFI_08-09.2026-3-240x320.jpg 240w, https:\/\/www.mediovaldarno.it\/news\/wp-content\/uploads\/2026\/09\/Take-Me-to-the-River_CamminoPesa_UNIFI_08-09.2026-3-768x1024.jpg 768w, https:\/\/www.mediovaldarno.it\/news\/wp-content\/uploads\/2026\/09\/Take-Me-to-the-River_CamminoPesa_UNIFI_08-09.2026-3-1152x1536.jpg 1152w, https:\/\/www.mediovaldarno.it\/news\/wp-content\/uploads\/2026\/09\/Take-Me-to-the-River_CamminoPesa_UNIFI_08-09.2026-3-696x928.jpg 696w, https:\/\/www.mediovaldarno.it\/news\/wp-content\/uploads\/2026\/09\/Take-Me-to-the-River_CamminoPesa_UNIFI_08-09.2026-3-1068x1424.jpg 1068w, https:\/\/www.mediovaldarno.it\/news\/wp-content\/uploads\/2026\/09\/Take-Me-to-the-River_CamminoPesa_UNIFI_08-09.2026-3-1320x1760.jpg 1320w, https:\/\/www.mediovaldarno.it\/news\/wp-content\/uploads\/2026\/09\/Take-Me-to-the-River_CamminoPesa_UNIFI_08-09.2026-3.jpg 1440w\" sizes=\"(max-width: 315px) 100vw, 315px\" alt=\"\">\r\n                            <\/a>\r\n                            \r\n                        <\/figure>\r\n                    <\/div>\r\n                    <div class = \"td-slide-item td-item24\">\r\n                        <figure class=\"td-slide-galery-figure td-slide-popup-gallery\">\r\n                            <a class=\"slide-gallery-image-link\" href=\"https:\/\/www.mediovaldarno.it\/news\/wp-content\/uploads\/2026\/09\/Take-Me-to-the-River_CamminoPesa_UNIFI_08-09.2026-13.jpeg\" title=\"Take Me to the River_CamminoPesa_UNIFI_08-09.2026 (13)\"  data-caption=\"\"  data-description=\"\">\r\n                                <img decoding=\"async\" src=\"https:\/\/www.mediovaldarno.it\/news\/wp-content\/uploads\/2026\/09\/Take-Me-to-the-River_CamminoPesa_UNIFI_08-09.2026-13-560x420.jpeg\" srcset=\"https:\/\/www.mediovaldarno.it\/news\/wp-content\/uploads\/2026\/09\/Take-Me-to-the-River_CamminoPesa_UNIFI_08-09.2026-13-560x420.jpeg 560w, https:\/\/www.mediovaldarno.it\/news\/wp-content\/uploads\/2026\/09\/Take-Me-to-the-River_CamminoPesa_UNIFI_08-09.2026-13-510x383.jpeg 510w, https:\/\/www.mediovaldarno.it\/news\/wp-content\/uploads\/2026\/09\/Take-Me-to-the-River_CamminoPesa_UNIFI_08-09.2026-13-1080x810.jpeg 1080w, https:\/\/www.mediovaldarno.it\/news\/wp-content\/uploads\/2026\/09\/Take-Me-to-the-River_CamminoPesa_UNIFI_08-09.2026-13-320x240.jpeg 320w, https:\/\/www.mediovaldarno.it\/news\/wp-content\/uploads\/2026\/09\/Take-Me-to-the-River_CamminoPesa_UNIFI_08-09.2026-13-768x576.jpeg 768w, https:\/\/www.mediovaldarno.it\/news\/wp-content\/uploads\/2026\/09\/Take-Me-to-the-River_CamminoPesa_UNIFI_08-09.2026-13-1536x1152.jpeg 1536w, https:\/\/www.mediovaldarno.it\/news\/wp-content\/uploads\/2026\/09\/Take-Me-to-the-River_CamminoPesa_UNIFI_08-09.2026-13-696x522.jpeg 696w, https:\/\/www.mediovaldarno.it\/news\/wp-content\/uploads\/2026\/09\/Take-Me-to-the-River_CamminoPesa_UNIFI_08-09.2026-13-1068x801.jpeg 1068w, https:\/\/www.mediovaldarno.it\/news\/wp-content\/uploads\/2026\/09\/Take-Me-to-the-River_CamminoPesa_UNIFI_08-09.2026-13-1920x1440.jpeg 1920w, https:\/\/www.mediovaldarno.it\/news\/wp-content\/uploads\/2026\/09\/Take-Me-to-the-River_CamminoPesa_UNIFI_08-09.2026-13-80x60.jpeg 80w, https:\/\/www.mediovaldarno.it\/news\/wp-content\/uploads\/2026\/09\/Take-Me-to-the-River_CamminoPesa_UNIFI_08-09.2026-13-265x198.jpeg 265w, https:\/\/www.mediovaldarno.it\/news\/wp-content\/uploads\/2026\/09\/Take-Me-to-the-River_CamminoPesa_UNIFI_08-09.2026-13-1320x990.jpeg 1320w, https:\/\/www.mediovaldarno.it\/news\/wp-content\/uploads\/2026\/09\/Take-Me-to-the-River_CamminoPesa_UNIFI_08-09.2026-13.jpeg 2000w\" sizes=\"(max-width: 560px) 100vw, 560px\" alt=\"\">\r\n                            <\/a>\r\n                            \r\n                        <\/figure>\r\n                    <\/div>\r\n                    <div class = \"td-slide-item td-item25\">\r\n                        <figure class=\"td-slide-galery-figure td-slide-popup-gallery\">\r\n                            <a class=\"slide-gallery-image-link\" href=\"https:\/\/www.mediovaldarno.it\/news\/wp-content\/uploads\/2026\/09\/Take-Me-to-the-River_CamminoPesa_UNIFI_08-09.2026-8.jpg\" title=\"Take Me to the River_CamminoPesa_UNIFI_08-09.2026 (8)\"  data-caption=\"\"  data-description=\"\">\r\n                                <img decoding=\"async\" src=\"https:\/\/www.mediovaldarno.it\/news\/wp-content\/uploads\/2026\/09\/Take-Me-to-the-River_CamminoPesa_UNIFI_08-09.2026-8-236x420.jpg\" srcset=\"https:\/\/www.mediovaldarno.it\/news\/wp-content\/uploads\/2026\/09\/Take-Me-to-the-River_CamminoPesa_UNIFI_08-09.2026-8-236x420.jpg 236w, https:\/\/www.mediovaldarno.it\/news\/wp-content\/uploads\/2026\/09\/Take-Me-to-the-River_CamminoPesa_UNIFI_08-09.2026-8-287x510.jpg 287w, https:\/\/www.mediovaldarno.it\/news\/wp-content\/uploads\/2026\/09\/Take-Me-to-the-River_CamminoPesa_UNIFI_08-09.2026-8-608x1080.jpg 608w, https:\/\/www.mediovaldarno.it\/news\/wp-content\/uploads\/2026\/09\/Take-Me-to-the-River_CamminoPesa_UNIFI_08-09.2026-8-180x320.jpg 180w, https:\/\/www.mediovaldarno.it\/news\/wp-content\/uploads\/2026\/09\/Take-Me-to-the-River_CamminoPesa_UNIFI_08-09.2026-8-696x1237.jpg 696w, https:\/\/www.mediovaldarno.it\/news\/wp-content\/uploads\/2026\/09\/Take-Me-to-the-River_CamminoPesa_UNIFI_08-09.2026-8.jpg 720w\" sizes=\"(max-width: 236px) 100vw, 236px\" alt=\"\">\r\n                            <\/a>\r\n                            \r\n                        <\/figure>\r\n                    <\/div>\r\n                    <div class = \"td-slide-item td-item26\">\r\n                        <figure class=\"td-slide-galery-figure td-slide-popup-gallery\">\r\n                            <a class=\"slide-gallery-image-link\" href=\"https:\/\/www.mediovaldarno.it\/news\/wp-content\/uploads\/2026\/09\/Take-Me-to-the-River_CamminoPesa_UNIFI_08-09.2026-7.jpg\" title=\"Take Me to the River_CamminoPesa_UNIFI_08-09.2026 (7)\"  data-caption=\"\"  data-description=\"\">\r\n                                <img decoding=\"async\" src=\"https:\/\/www.mediovaldarno.it\/news\/wp-content\/uploads\/2026\/09\/Take-Me-to-the-River_CamminoPesa_UNIFI_08-09.2026-7-236x420.jpg\" srcset=\"https:\/\/www.mediovaldarno.it\/news\/wp-content\/uploads\/2026\/09\/Take-Me-to-the-River_CamminoPesa_UNIFI_08-09.2026-7-236x420.jpg 236w, https:\/\/www.mediovaldarno.it\/news\/wp-content\/uploads\/2026\/09\/Take-Me-to-the-River_CamminoPesa_UNIFI_08-09.2026-7-287x510.jpg 287w, https:\/\/www.mediovaldarno.it\/news\/wp-content\/uploads\/2026\/09\/Take-Me-to-the-River_CamminoPesa_UNIFI_08-09.2026-7-608x1080.jpg 608w, https:\/\/www.mediovaldarno.it\/news\/wp-content\/uploads\/2026\/09\/Take-Me-to-the-River_CamminoPesa_UNIFI_08-09.2026-7-180x320.jpg 180w, https:\/\/www.mediovaldarno.it\/news\/wp-content\/uploads\/2026\/09\/Take-Me-to-the-River_CamminoPesa_UNIFI_08-09.2026-7-696x1237.jpg 696w, https:\/\/www.mediovaldarno.it\/news\/wp-content\/uploads\/2026\/09\/Take-Me-to-the-River_CamminoPesa_UNIFI_08-09.2026-7.jpg 720w\" sizes=\"(max-width: 236px) 100vw, 236px\" alt=\"\">\r\n                            <\/a>\r\n                            \r\n                        <\/figure>\r\n                    <\/div>\r\n                    <div class = \"td-slide-item td-item27\">\r\n                        <figure class=\"td-slide-galery-figure td-slide-popup-gallery\">\r\n                            <a class=\"slide-gallery-image-link\" href=\"https:\/\/www.mediovaldarno.it\/news\/wp-content\/uploads\/2026\/09\/Take-Me-to-the-River_CamminoPesa_UNIFI_08-09.2026-27.jpeg\" title=\"Take Me to the River_CamminoPesa_UNIFI_08-09.2026 (27)\"  data-caption=\"\"  data-description=\"\">\r\n                                <img decoding=\"async\" src=\"https:\/\/www.mediovaldarno.it\/news\/wp-content\/uploads\/2026\/09\/Take-Me-to-the-River_CamminoPesa_UNIFI_08-09.2026-27-315x420.jpeg\" srcset=\"https:\/\/www.mediovaldarno.it\/news\/wp-content\/uploads\/2026\/09\/Take-Me-to-the-River_CamminoPesa_UNIFI_08-09.2026-27-315x420.jpeg 315w, https:\/\/www.mediovaldarno.it\/news\/wp-content\/uploads\/2026\/09\/Take-Me-to-the-River_CamminoPesa_UNIFI_08-09.2026-27-383x510.jpeg 383w, https:\/\/www.mediovaldarno.it\/news\/wp-content\/uploads\/2026\/09\/Take-Me-to-the-River_CamminoPesa_UNIFI_08-09.2026-27-810x1080.jpeg 810w, https:\/\/www.mediovaldarno.it\/news\/wp-content\/uploads\/2026\/09\/Take-Me-to-the-River_CamminoPesa_UNIFI_08-09.2026-27-240x320.jpeg 240w, https:\/\/www.mediovaldarno.it\/news\/wp-content\/uploads\/2026\/09\/Take-Me-to-the-River_CamminoPesa_UNIFI_08-09.2026-27-768x1024.jpeg 768w, https:\/\/www.mediovaldarno.it\/news\/wp-content\/uploads\/2026\/09\/Take-Me-to-the-River_CamminoPesa_UNIFI_08-09.2026-27-1152x1536.jpeg 1152w, https:\/\/www.mediovaldarno.it\/news\/wp-content\/uploads\/2026\/09\/Take-Me-to-the-River_CamminoPesa_UNIFI_08-09.2026-27-696x928.jpeg 696w, https:\/\/www.mediovaldarno.it\/news\/wp-content\/uploads\/2026\/09\/Take-Me-to-the-River_CamminoPesa_UNIFI_08-09.2026-27-1068x1424.jpeg 1068w, https:\/\/www.mediovaldarno.it\/news\/wp-content\/uploads\/2026\/09\/Take-Me-to-the-River_CamminoPesa_UNIFI_08-09.2026-27-1320x1760.jpeg 1320w, https:\/\/www.mediovaldarno.it\/news\/wp-content\/uploads\/2026\/09\/Take-Me-to-the-River_CamminoPesa_UNIFI_08-09.2026-27.jpeg 1440w\" sizes=\"(max-width: 315px) 100vw, 315px\" alt=\"\">\r\n                            <\/a>\r\n                            \r\n                        <\/figure>\r\n                    <\/div>\r\n                    <div class = \"td-slide-item td-item28\">\r\n                        <figure class=\"td-slide-galery-figure td-slide-popup-gallery\">\r\n                            <a class=\"slide-gallery-image-link\" href=\"https:\/\/www.mediovaldarno.it\/news\/wp-content\/uploads\/2026\/09\/Take-Me-to-the-River_CamminoPesa_UNIFI_08-09.2026-33.jpeg\" title=\"Take Me to the River_CamminoPesa_UNIFI_08-09.2026 (33)\"  data-caption=\"\"  data-description=\"\">\r\n                                <img decoding=\"async\" src=\"https:\/\/www.mediovaldarno.it\/news\/wp-content\/uploads\/2026\/09\/Take-Me-to-the-River_CamminoPesa_UNIFI_08-09.2026-33-315x420.jpeg\" srcset=\"https:\/\/www.mediovaldarno.it\/news\/wp-content\/uploads\/2026\/09\/Take-Me-to-the-River_CamminoPesa_UNIFI_08-09.2026-33-315x420.jpeg 315w, https:\/\/www.mediovaldarno.it\/news\/wp-content\/uploads\/2026\/09\/Take-Me-to-the-River_CamminoPesa_UNIFI_08-09.2026-33-383x510.jpeg 383w, https:\/\/www.mediovaldarno.it\/news\/wp-content\/uploads\/2026\/09\/Take-Me-to-the-River_CamminoPesa_UNIFI_08-09.2026-33-810x1080.jpeg 810w, https:\/\/www.mediovaldarno.it\/news\/wp-content\/uploads\/2026\/09\/Take-Me-to-the-River_CamminoPesa_UNIFI_08-09.2026-33-240x320.jpeg 240w, https:\/\/www.mediovaldarno.it\/news\/wp-content\/uploads\/2026\/09\/Take-Me-to-the-River_CamminoPesa_UNIFI_08-09.2026-33-768x1024.jpeg 768w, https:\/\/www.mediovaldarno.it\/news\/wp-content\/uploads\/2026\/09\/Take-Me-to-the-River_CamminoPesa_UNIFI_08-09.2026-33-1152x1536.jpeg 1152w, https:\/\/www.mediovaldarno.it\/news\/wp-content\/uploads\/2026\/09\/Take-Me-to-the-River_CamminoPesa_UNIFI_08-09.2026-33-696x928.jpeg 696w, https:\/\/www.mediovaldarno.it\/news\/wp-content\/uploads\/2026\/09\/Take-Me-to-the-River_CamminoPesa_UNIFI_08-09.2026-33-1068x1424.jpeg 1068w, https:\/\/www.mediovaldarno.it\/news\/wp-content\/uploads\/2026\/09\/Take-Me-to-the-River_CamminoPesa_UNIFI_08-09.2026-33-1320x1760.jpeg 1320w, https:\/\/www.mediovaldarno.it\/news\/wp-content\/uploads\/2026\/09\/Take-Me-to-the-River_CamminoPesa_UNIFI_08-09.2026-33.jpeg 1440w\" sizes=\"(max-width: 315px) 100vw, 315px\" alt=\"\">\r\n                            <\/a>\r\n                            \r\n                        <\/figure>\r\n                    <\/div>\r\n                    <div class = \"td-slide-item td-item29\">\r\n                        <figure class=\"td-slide-galery-figure td-slide-popup-gallery\">\r\n                            <a class=\"slide-gallery-image-link\" href=\"https:\/\/www.mediovaldarno.it\/news\/wp-content\/uploads\/2026\/09\/Take-Me-to-the-River_CamminoPesa_UNIFI_08-09.2026-34.jpeg\" title=\"Take Me to the River_CamminoPesa_UNIFI_08-09.2026 (34)\"  data-caption=\"\"  data-description=\"\">\r\n                                <img decoding=\"async\" src=\"https:\/\/www.mediovaldarno.it\/news\/wp-content\/uploads\/2026\/09\/Take-Me-to-the-River_CamminoPesa_UNIFI_08-09.2026-34-560x420.jpeg\" srcset=\"https:\/\/www.mediovaldarno.it\/news\/wp-content\/uploads\/2026\/09\/Take-Me-to-the-River_CamminoPesa_UNIFI_08-09.2026-34-560x420.jpeg 560w, https:\/\/www.mediovaldarno.it\/news\/wp-content\/uploads\/2026\/09\/Take-Me-to-the-River_CamminoPesa_UNIFI_08-09.2026-34-510x383.jpeg 510w, https:\/\/www.mediovaldarno.it\/news\/wp-content\/uploads\/2026\/09\/Take-Me-to-the-River_CamminoPesa_UNIFI_08-09.2026-34-1080x810.jpeg 1080w, https:\/\/www.mediovaldarno.it\/news\/wp-content\/uploads\/2026\/09\/Take-Me-to-the-River_CamminoPesa_UNIFI_08-09.2026-34-320x240.jpeg 320w, https:\/\/www.mediovaldarno.it\/news\/wp-content\/uploads\/2026\/09\/Take-Me-to-the-River_CamminoPesa_UNIFI_08-09.2026-34-768x576.jpeg 768w, https:\/\/www.mediovaldarno.it\/news\/wp-content\/uploads\/2026\/09\/Take-Me-to-the-River_CamminoPesa_UNIFI_08-09.2026-34-1536x1152.jpeg 1536w, https:\/\/www.mediovaldarno.it\/news\/wp-content\/uploads\/2026\/09\/Take-Me-to-the-River_CamminoPesa_UNIFI_08-09.2026-34-696x522.jpeg 696w, https:\/\/www.mediovaldarno.it\/news\/wp-content\/uploads\/2026\/09\/Take-Me-to-the-River_CamminoPesa_UNIFI_08-09.2026-34-1068x801.jpeg 1068w, https:\/\/www.mediovaldarno.it\/news\/wp-content\/uploads\/2026\/09\/Take-Me-to-the-River_CamminoPesa_UNIFI_08-09.2026-34-80x60.jpeg 80w, https:\/\/www.mediovaldarno.it\/news\/wp-content\/uploads\/2026\/09\/Take-Me-to-the-River_CamminoPesa_UNIFI_08-09.2026-34-265x198.jpeg 265w, https:\/\/www.mediovaldarno.it\/news\/wp-content\/uploads\/2026\/09\/Take-Me-to-the-River_CamminoPesa_UNIFI_08-09.2026-34-1320x990.jpeg 1320w, https:\/\/www.mediovaldarno.it\/news\/wp-content\/uploads\/2026\/09\/Take-Me-to-the-River_CamminoPesa_UNIFI_08-09.2026-34.jpeg 1920w\" sizes=\"(max-width: 560px) 100vw, 560px\" alt=\"\">\r\n                            <\/a>\r\n                            \r\n                        <\/figure>\r\n                    <\/div>\r\n                    <div class = \"td-slide-item td-item30\">\r\n                        <figure class=\"td-slide-galery-figure td-slide-popup-gallery\">\r\n                            <a class=\"slide-gallery-image-link\" href=\"https:\/\/www.mediovaldarno.it\/news\/wp-content\/uploads\/2026\/09\/Take-Me-to-the-River_CamminoPesa_UNIFI_08-09.2026-35.jpeg\" title=\"Take Me to the River_CamminoPesa_UNIFI_08-09.2026 (35)\"  data-caption=\"\"  data-description=\"\">\r\n                                <img decoding=\"async\" src=\"https:\/\/www.mediovaldarno.it\/news\/wp-content\/uploads\/2026\/09\/Take-Me-to-the-River_CamminoPesa_UNIFI_08-09.2026-35-315x420.jpeg\" srcset=\"https:\/\/www.mediovaldarno.it\/news\/wp-content\/uploads\/2026\/09\/Take-Me-to-the-River_CamminoPesa_UNIFI_08-09.2026-35-315x420.jpeg 315w, https:\/\/www.mediovaldarno.it\/news\/wp-content\/uploads\/2026\/09\/Take-Me-to-the-River_CamminoPesa_UNIFI_08-09.2026-35-382x510.jpeg 382w, https:\/\/www.mediovaldarno.it\/news\/wp-content\/uploads\/2026\/09\/Take-Me-to-the-River_CamminoPesa_UNIFI_08-09.2026-35-240x320.jpeg 240w, https:\/\/www.mediovaldarno.it\/news\/wp-content\/uploads\/2026\/09\/Take-Me-to-the-River_CamminoPesa_UNIFI_08-09.2026-35.jpeg 569w\" sizes=\"(max-width: 315px) 100vw, 315px\" alt=\"\">\r\n                            <\/a>\r\n                            \r\n                        <\/figure>\r\n                    <\/div>\r\n                    <div class = \"td-slide-item td-item31\">\r\n                        <figure class=\"td-slide-galery-figure td-slide-popup-gallery\">\r\n                            <a class=\"slide-gallery-image-link\" href=\"https:\/\/www.mediovaldarno.it\/news\/wp-content\/uploads\/2026\/09\/Take-Me-to-the-River_CamminoPesa_UNIFI_08-09.2026-36.jpeg\" title=\"Take Me to the River_CamminoPesa_UNIFI_08-09.2026 (36)\"  data-caption=\"\"  data-description=\"\">\r\n                                <img decoding=\"async\" src=\"https:\/\/www.mediovaldarno.it\/news\/wp-content\/uploads\/2026\/09\/Take-Me-to-the-River_CamminoPesa_UNIFI_08-09.2026-36-315x420.jpeg\" srcset=\"https:\/\/www.mediovaldarno.it\/news\/wp-content\/uploads\/2026\/09\/Take-Me-to-the-River_CamminoPesa_UNIFI_08-09.2026-36-315x420.jpeg 315w, https:\/\/www.mediovaldarno.it\/news\/wp-content\/uploads\/2026\/09\/Take-Me-to-the-River_CamminoPesa_UNIFI_08-09.2026-36-383x510.jpeg 383w, https:\/\/www.mediovaldarno.it\/news\/wp-content\/uploads\/2026\/09\/Take-Me-to-the-River_CamminoPesa_UNIFI_08-09.2026-36-810x1080.jpeg 810w, https:\/\/www.mediovaldarno.it\/news\/wp-content\/uploads\/2026\/09\/Take-Me-to-the-River_CamminoPesa_UNIFI_08-09.2026-36-240x320.jpeg 240w, https:\/\/www.mediovaldarno.it\/news\/wp-content\/uploads\/2026\/09\/Take-Me-to-the-River_CamminoPesa_UNIFI_08-09.2026-36-768x1024.jpeg 768w, https:\/\/www.mediovaldarno.it\/news\/wp-content\/uploads\/2026\/09\/Take-Me-to-the-River_CamminoPesa_UNIFI_08-09.2026-36-1152x1536.jpeg 1152w, https:\/\/www.mediovaldarno.it\/news\/wp-content\/uploads\/2026\/09\/Take-Me-to-the-River_CamminoPesa_UNIFI_08-09.2026-36-696x928.jpeg 696w, https:\/\/www.mediovaldarno.it\/news\/wp-content\/uploads\/2026\/09\/Take-Me-to-the-River_CamminoPesa_UNIFI_08-09.2026-36-1068x1424.jpeg 1068w, https:\/\/www.mediovaldarno.it\/news\/wp-content\/uploads\/2026\/09\/Take-Me-to-the-River_CamminoPesa_UNIFI_08-09.2026-36.jpeg 1200w\" sizes=\"(max-width: 315px) 100vw, 315px\" alt=\"\">\r\n                            <\/a>\r\n                            \r\n                        <\/figure>\r\n                    <\/div>\r\n                    <div class = \"td-slide-item td-item32\">\r\n                        <figure class=\"td-slide-galery-figure td-slide-popup-gallery\">\r\n                            <a class=\"slide-gallery-image-link\" href=\"https:\/\/www.mediovaldarno.it\/news\/wp-content\/uploads\/2026\/09\/Take-Me-to-the-River_CamminoPesa_UNIFI_08-09.2026-37.jpeg\" title=\"Take Me to the River_CamminoPesa_UNIFI_08-09.2026 (37)\"  data-caption=\"\"  data-description=\"\">\r\n                                <img decoding=\"async\" src=\"https:\/\/www.mediovaldarno.it\/news\/wp-content\/uploads\/2026\/09\/Take-Me-to-the-River_CamminoPesa_UNIFI_08-09.2026-37-560x420.jpeg\" srcset=\"https:\/\/www.mediovaldarno.it\/news\/wp-content\/uploads\/2026\/09\/Take-Me-to-the-River_CamminoPesa_UNIFI_08-09.2026-37-560x420.jpeg 560w, https:\/\/www.mediovaldarno.it\/news\/wp-content\/uploads\/2026\/09\/Take-Me-to-the-River_CamminoPesa_UNIFI_08-09.2026-37-510x383.jpeg 510w, https:\/\/www.mediovaldarno.it\/news\/wp-content\/uploads\/2026\/09\/Take-Me-to-the-River_CamminoPesa_UNIFI_08-09.2026-37-1080x810.jpeg 1080w, https:\/\/www.mediovaldarno.it\/news\/wp-content\/uploads\/2026\/09\/Take-Me-to-the-River_CamminoPesa_UNIFI_08-09.2026-37-320x240.jpeg 320w, https:\/\/www.mediovaldarno.it\/news\/wp-content\/uploads\/2026\/09\/Take-Me-to-the-River_CamminoPesa_UNIFI_08-09.2026-37-768x576.jpeg 768w, https:\/\/www.mediovaldarno.it\/news\/wp-content\/uploads\/2026\/09\/Take-Me-to-the-River_CamminoPesa_UNIFI_08-09.2026-37-1536x1152.jpeg 1536w, https:\/\/www.mediovaldarno.it\/news\/wp-content\/uploads\/2026\/09\/Take-Me-to-the-River_CamminoPesa_UNIFI_08-09.2026-37-696x522.jpeg 696w, https:\/\/www.mediovaldarno.it\/news\/wp-content\/uploads\/2026\/09\/Take-Me-to-the-River_CamminoPesa_UNIFI_08-09.2026-37-1068x801.jpeg 1068w, https:\/\/www.mediovaldarno.it\/news\/wp-content\/uploads\/2026\/09\/Take-Me-to-the-River_CamminoPesa_UNIFI_08-09.2026-37-80x60.jpeg 80w, https:\/\/www.mediovaldarno.it\/news\/wp-content\/uploads\/2026\/09\/Take-Me-to-the-River_CamminoPesa_UNIFI_08-09.2026-37-265x198.jpeg 265w, https:\/\/www.mediovaldarno.it\/news\/wp-content\/uploads\/2026\/09\/Take-Me-to-the-River_CamminoPesa_UNIFI_08-09.2026-37-1320x990.jpeg 1320w, https:\/\/www.mediovaldarno.it\/news\/wp-content\/uploads\/2026\/09\/Take-Me-to-the-River_CamminoPesa_UNIFI_08-09.2026-37.jpeg 1600w\" sizes=\"(max-width: 560px) 100vw, 560px\" alt=\"\">\r\n                            <\/a>\r\n                            \r\n                        <\/figure>\r\n                    <\/div>\r\n                    <div class = \"td-slide-item td-item33\">\r\n                        <figure class=\"td-slide-galery-figure td-slide-popup-gallery\">\r\n                            <a class=\"slide-gallery-image-link\" href=\"https:\/\/www.mediovaldarno.it\/news\/wp-content\/uploads\/2026\/09\/Take-Me-to-the-River_CamminoPesa_UNIFI_08-09.2026-26.jpeg\" title=\"Take Me to the River_CamminoPesa_UNIFI_08-09.2026 (26)\"  data-caption=\"\"  data-description=\"\">\r\n                                <img decoding=\"async\" src=\"https:\/\/www.mediovaldarno.it\/news\/wp-content\/uploads\/2026\/09\/Take-Me-to-the-River_CamminoPesa_UNIFI_08-09.2026-26-315x420.jpeg\" srcset=\"https:\/\/www.mediovaldarno.it\/news\/wp-content\/uploads\/2026\/09\/Take-Me-to-the-River_CamminoPesa_UNIFI_08-09.2026-26-315x420.jpeg 315w, https:\/\/www.mediovaldarno.it\/news\/wp-content\/uploads\/2026\/09\/Take-Me-to-the-River_CamminoPesa_UNIFI_08-09.2026-26-383x510.jpeg 383w, https:\/\/www.mediovaldarno.it\/news\/wp-content\/uploads\/2026\/09\/Take-Me-to-the-River_CamminoPesa_UNIFI_08-09.2026-26-810x1080.jpeg 810w, https:\/\/www.mediovaldarno.it\/news\/wp-content\/uploads\/2026\/09\/Take-Me-to-the-River_CamminoPesa_UNIFI_08-09.2026-26-240x320.jpeg 240w, https:\/\/www.mediovaldarno.it\/news\/wp-content\/uploads\/2026\/09\/Take-Me-to-the-River_CamminoPesa_UNIFI_08-09.2026-26-768x1024.jpeg 768w, https:\/\/www.mediovaldarno.it\/news\/wp-content\/uploads\/2026\/09\/Take-Me-to-the-River_CamminoPesa_UNIFI_08-09.2026-26-1152x1536.jpeg 1152w, https:\/\/www.mediovaldarno.it\/news\/wp-content\/uploads\/2026\/09\/Take-Me-to-the-River_CamminoPesa_UNIFI_08-09.2026-26-696x928.jpeg 696w, https:\/\/www.mediovaldarno.it\/news\/wp-content\/uploads\/2026\/09\/Take-Me-to-the-River_CamminoPesa_UNIFI_08-09.2026-26-1068x1424.jpeg 1068w, https:\/\/www.mediovaldarno.it\/news\/wp-content\/uploads\/2026\/09\/Take-Me-to-the-River_CamminoPesa_UNIFI_08-09.2026-26-1320x1760.jpeg 1320w, https:\/\/www.mediovaldarno.it\/news\/wp-content\/uploads\/2026\/09\/Take-Me-to-the-River_CamminoPesa_UNIFI_08-09.2026-26.jpeg 1440w\" sizes=\"(max-width: 315px) 100vw, 315px\" alt=\"\">\r\n                            <\/a>\r\n                            \r\n                        <\/figure>\r\n                    <\/div>\r\n                    <div class = \"td-slide-item td-item34\">\r\n                        <figure class=\"td-slide-galery-figure td-slide-popup-gallery\">\r\n                            <a class=\"slide-gallery-image-link\" href=\"https:\/\/www.mediovaldarno.it\/news\/wp-content\/uploads\/2026\/09\/Take-Me-to-the-River_CamminoPesa_UNIFI_08-09.2026-23.jpeg\" title=\"Take Me to the River_CamminoPesa_UNIFI_08-09.2026 (23)\"  data-caption=\"\"  data-description=\"\">\r\n                                <img decoding=\"async\" src=\"https:\/\/www.mediovaldarno.it\/news\/wp-content\/uploads\/2026\/09\/Take-Me-to-the-River_CamminoPesa_UNIFI_08-09.2026-23-315x420.jpeg\" srcset=\"https:\/\/www.mediovaldarno.it\/news\/wp-content\/uploads\/2026\/09\/Take-Me-to-the-River_CamminoPesa_UNIFI_08-09.2026-23-315x420.jpeg 315w, https:\/\/www.mediovaldarno.it\/news\/wp-content\/uploads\/2026\/09\/Take-Me-to-the-River_CamminoPesa_UNIFI_08-09.2026-23-383x510.jpeg 383w, https:\/\/www.mediovaldarno.it\/news\/wp-content\/uploads\/2026\/09\/Take-Me-to-the-River_CamminoPesa_UNIFI_08-09.2026-23-810x1080.jpeg 810w, https:\/\/www.mediovaldarno.it\/news\/wp-content\/uploads\/2026\/09\/Take-Me-to-the-River_CamminoPesa_UNIFI_08-09.2026-23-240x320.jpeg 240w, https:\/\/www.mediovaldarno.it\/news\/wp-content\/uploads\/2026\/09\/Take-Me-to-the-River_CamminoPesa_UNIFI_08-09.2026-23-768x1024.jpeg 768w, https:\/\/www.mediovaldarno.it\/news\/wp-content\/uploads\/2026\/09\/Take-Me-to-the-River_CamminoPesa_UNIFI_08-09.2026-23-1152x1536.jpeg 1152w, https:\/\/www.mediovaldarno.it\/news\/wp-content\/uploads\/2026\/09\/Take-Me-to-the-River_CamminoPesa_UNIFI_08-09.2026-23-696x928.jpeg 696w, https:\/\/www.mediovaldarno.it\/news\/wp-content\/uploads\/2026\/09\/Take-Me-to-the-River_CamminoPesa_UNIFI_08-09.2026-23-1068x1424.jpeg 1068w, https:\/\/www.mediovaldarno.it\/news\/wp-content\/uploads\/2026\/09\/Take-Me-to-the-River_CamminoPesa_UNIFI_08-09.2026-23-1320x1760.jpeg 1320w, https:\/\/www.mediovaldarno.it\/news\/wp-content\/uploads\/2026\/09\/Take-Me-to-the-River_CamminoPesa_UNIFI_08-09.2026-23.jpeg 1440w\" sizes=\"(max-width: 315px) 100vw, 315px\" alt=\"\">\r\n                            <\/a>\r\n                            \r\n                        <\/figure>\r\n                    <\/div>\r\n                    <div class = \"td-slide-item td-item35\">\r\n                        <figure class=\"td-slide-galery-figure td-slide-popup-gallery\">\r\n                            <a class=\"slide-gallery-image-link\" href=\"https:\/\/www.mediovaldarno.it\/news\/wp-content\/uploads\/2026\/09\/Take-Me-to-the-River_CamminoPesa_UNIFI_08-09.2026-24.jpeg\" title=\"Take Me to the River_CamminoPesa_UNIFI_08-09.2026 (24)\"  data-caption=\"\"  data-description=\"\">\r\n                                <img decoding=\"async\" src=\"https:\/\/www.mediovaldarno.it\/news\/wp-content\/uploads\/2026\/09\/Take-Me-to-the-River_CamminoPesa_UNIFI_08-09.2026-24-560x420.jpeg\" srcset=\"https:\/\/www.mediovaldarno.it\/news\/wp-content\/uploads\/2026\/09\/Take-Me-to-the-River_CamminoPesa_UNIFI_08-09.2026-24-560x420.jpeg 560w, https:\/\/www.mediovaldarno.it\/news\/wp-content\/uploads\/2026\/09\/Take-Me-to-the-River_CamminoPesa_UNIFI_08-09.2026-24-510x383.jpeg 510w, https:\/\/www.mediovaldarno.it\/news\/wp-content\/uploads\/2026\/09\/Take-Me-to-the-River_CamminoPesa_UNIFI_08-09.2026-24-1080x810.jpeg 1080w, https:\/\/www.mediovaldarno.it\/news\/wp-content\/uploads\/2026\/09\/Take-Me-to-the-River_CamminoPesa_UNIFI_08-09.2026-24-320x240.jpeg 320w, https:\/\/www.mediovaldarno.it\/news\/wp-content\/uploads\/2026\/09\/Take-Me-to-the-River_CamminoPesa_UNIFI_08-09.2026-24-768x576.jpeg 768w, https:\/\/www.mediovaldarno.it\/news\/wp-content\/uploads\/2026\/09\/Take-Me-to-the-River_CamminoPesa_UNIFI_08-09.2026-24-1536x1152.jpeg 1536w, https:\/\/www.mediovaldarno.it\/news\/wp-content\/uploads\/2026\/09\/Take-Me-to-the-River_CamminoPesa_UNIFI_08-09.2026-24-696x522.jpeg 696w, https:\/\/www.mediovaldarno.it\/news\/wp-content\/uploads\/2026\/09\/Take-Me-to-the-River_CamminoPesa_UNIFI_08-09.2026-24-1068x801.jpeg 1068w, https:\/\/www.mediovaldarno.it\/news\/wp-content\/uploads\/2026\/09\/Take-Me-to-the-River_CamminoPesa_UNIFI_08-09.2026-24-80x60.jpeg 80w, https:\/\/www.mediovaldarno.it\/news\/wp-content\/uploads\/2026\/09\/Take-Me-to-the-River_CamminoPesa_UNIFI_08-09.2026-24-265x198.jpeg 265w, https:\/\/www.mediovaldarno.it\/news\/wp-content\/uploads\/2026\/09\/Take-Me-to-the-River_CamminoPesa_UNIFI_08-09.2026-24-1320x990.jpeg 1320w, https:\/\/www.mediovaldarno.it\/news\/wp-content\/uploads\/2026\/09\/Take-Me-to-the-River_CamminoPesa_UNIFI_08-09.2026-24.jpeg 1920w\" sizes=\"(max-width: 560px) 100vw, 560px\" alt=\"\">\r\n                            <\/a>\r\n                            \r\n                        <\/figure>\r\n                    <\/div>\r\n                    <div class = \"td-slide-item td-item36\">\r\n                        <figure class=\"td-slide-galery-figure td-slide-popup-gallery\">\r\n                            <a class=\"slide-gallery-image-link\" href=\"https:\/\/www.mediovaldarno.it\/news\/wp-content\/uploads\/2026\/09\/Take-Me-to-the-River_CamminoPesa_UNIFI_08-09.2026-25.jpeg\" title=\"Take Me to the River_CamminoPesa_UNIFI_08-09.2026 (25)\"  data-caption=\"\"  data-description=\"\">\r\n                                <img decoding=\"async\" src=\"https:\/\/www.mediovaldarno.it\/news\/wp-content\/uploads\/2026\/09\/Take-Me-to-the-River_CamminoPesa_UNIFI_08-09.2026-25-315x420.jpeg\" srcset=\"https:\/\/www.mediovaldarno.it\/news\/wp-content\/uploads\/2026\/09\/Take-Me-to-the-River_CamminoPesa_UNIFI_08-09.2026-25-315x420.jpeg 315w, https:\/\/www.mediovaldarno.it\/news\/wp-content\/uploads\/2026\/09\/Take-Me-to-the-River_CamminoPesa_UNIFI_08-09.2026-25-383x510.jpeg 383w, https:\/\/www.mediovaldarno.it\/news\/wp-content\/uploads\/2026\/09\/Take-Me-to-the-River_CamminoPesa_UNIFI_08-09.2026-25-810x1080.jpeg 810w, https:\/\/www.mediovaldarno.it\/news\/wp-content\/uploads\/2026\/09\/Take-Me-to-the-River_CamminoPesa_UNIFI_08-09.2026-25-240x320.jpeg 240w, https:\/\/www.mediovaldarno.it\/news\/wp-content\/uploads\/2026\/09\/Take-Me-to-the-River_CamminoPesa_UNIFI_08-09.2026-25-768x1024.jpeg 768w, https:\/\/www.mediovaldarno.it\/news\/wp-content\/uploads\/2026\/09\/Take-Me-to-the-River_CamminoPesa_UNIFI_08-09.2026-25-1152x1536.jpeg 1152w, https:\/\/www.mediovaldarno.it\/news\/wp-content\/uploads\/2026\/09\/Take-Me-to-the-River_CamminoPesa_UNIFI_08-09.2026-25-696x928.jpeg 696w, https:\/\/www.mediovaldarno.it\/news\/wp-content\/uploads\/2026\/09\/Take-Me-to-the-River_CamminoPesa_UNIFI_08-09.2026-25-1068x1424.jpeg 1068w, https:\/\/www.mediovaldarno.it\/news\/wp-content\/uploads\/2026\/09\/Take-Me-to-the-River_CamminoPesa_UNIFI_08-09.2026-25-1320x1760.jpeg 1320w, https:\/\/www.mediovaldarno.it\/news\/wp-content\/uploads\/2026\/09\/Take-Me-to-the-River_CamminoPesa_UNIFI_08-09.2026-25.jpeg 1440w\" sizes=\"(max-width: 315px) 100vw, 315px\" alt=\"\">\r\n                            <\/a>\r\n                            \r\n                        <\/figure>\r\n                    <\/div>\r\n                    <div class = \"td-slide-item td-item37\">\r\n                        <figure class=\"td-slide-galery-figure td-slide-popup-gallery\">\r\n                            <a class=\"slide-gallery-image-link\" href=\"https:\/\/www.mediovaldarno.it\/news\/wp-content\/uploads\/2026\/09\/Take-Me-to-the-River_CamminoPesa_UNIFI_08-09.2026-39.jpeg\" title=\"Take Me to the River_CamminoPesa_UNIFI_08-09.2026 (39)\"  data-caption=\"\"  data-description=\"\">\r\n                                <img decoding=\"async\" src=\"https:\/\/www.mediovaldarno.it\/news\/wp-content\/uploads\/2026\/09\/Take-Me-to-the-River_CamminoPesa_UNIFI_08-09.2026-39-315x420.jpeg\" srcset=\"https:\/\/www.mediovaldarno.it\/news\/wp-content\/uploads\/2026\/09\/Take-Me-to-the-River_CamminoPesa_UNIFI_08-09.2026-39-315x420.jpeg 315w, https:\/\/www.mediovaldarno.it\/news\/wp-content\/uploads\/2026\/09\/Take-Me-to-the-River_CamminoPesa_UNIFI_08-09.2026-39-383x510.jpeg 383w, https:\/\/www.mediovaldarno.it\/news\/wp-content\/uploads\/2026\/09\/Take-Me-to-the-River_CamminoPesa_UNIFI_08-09.2026-39-810x1080.jpeg 810w, https:\/\/www.mediovaldarno.it\/news\/wp-content\/uploads\/2026\/09\/Take-Me-to-the-River_CamminoPesa_UNIFI_08-09.2026-39-240x320.jpeg 240w, https:\/\/www.mediovaldarno.it\/news\/wp-content\/uploads\/2026\/09\/Take-Me-to-the-River_CamminoPesa_UNIFI_08-09.2026-39-768x1024.jpeg 768w, https:\/\/www.mediovaldarno.it\/news\/wp-content\/uploads\/2026\/09\/Take-Me-to-the-River_CamminoPesa_UNIFI_08-09.2026-39-1152x1536.jpeg 1152w, https:\/\/www.mediovaldarno.it\/news\/wp-content\/uploads\/2026\/09\/Take-Me-to-the-River_CamminoPesa_UNIFI_08-09.2026-39-696x928.jpeg 696w, https:\/\/www.mediovaldarno.it\/news\/wp-content\/uploads\/2026\/09\/Take-Me-to-the-River_CamminoPesa_UNIFI_08-09.2026-39-1068x1424.jpeg 1068w, https:\/\/www.mediovaldarno.it\/news\/wp-content\/uploads\/2026\/09\/Take-Me-to-the-River_CamminoPesa_UNIFI_08-09.2026-39.jpeg 1200w\" sizes=\"(max-width: 315px) 100vw, 315px\" alt=\"\">\r\n                            <\/a>\r\n                            \r\n                        <\/figure>\r\n                    <\/div>\r\n                    <div class = \"td-slide-item td-item38\">\r\n                        <figure class=\"td-slide-galery-figure td-slide-popup-gallery\">\r\n                            <a class=\"slide-gallery-image-link\" href=\"https:\/\/www.mediovaldarno.it\/news\/wp-content\/uploads\/2026\/09\/Take-Me-to-the-River_CamminoPesa_UNIFI_08-09.2026-31.jpeg\" title=\"Take Me to the River_CamminoPesa_UNIFI_08-09.2026 (31)\"  data-caption=\"\"  data-description=\"\">\r\n                                <img decoding=\"async\" src=\"https:\/\/www.mediovaldarno.it\/news\/wp-content\/uploads\/2026\/09\/Take-Me-to-the-River_CamminoPesa_UNIFI_08-09.2026-31-315x420.jpeg\" srcset=\"https:\/\/www.mediovaldarno.it\/news\/wp-content\/uploads\/2026\/09\/Take-Me-to-the-River_CamminoPesa_UNIFI_08-09.2026-31-315x420.jpeg 315w, https:\/\/www.mediovaldarno.it\/news\/wp-content\/uploads\/2026\/09\/Take-Me-to-the-River_CamminoPesa_UNIFI_08-09.2026-31-383x510.jpeg 383w, https:\/\/www.mediovaldarno.it\/news\/wp-content\/uploads\/2026\/09\/Take-Me-to-the-River_CamminoPesa_UNIFI_08-09.2026-31-810x1080.jpeg 810w, https:\/\/www.mediovaldarno.it\/news\/wp-content\/uploads\/2026\/09\/Take-Me-to-the-River_CamminoPesa_UNIFI_08-09.2026-31-240x320.jpeg 240w, https:\/\/www.mediovaldarno.it\/news\/wp-content\/uploads\/2026\/09\/Take-Me-to-the-River_CamminoPesa_UNIFI_08-09.2026-31-768x1024.jpeg 768w, https:\/\/www.mediovaldarno.it\/news\/wp-content\/uploads\/2026\/09\/Take-Me-to-the-River_CamminoPesa_UNIFI_08-09.2026-31-1152x1536.jpeg 1152w, https:\/\/www.mediovaldarno.it\/news\/wp-content\/uploads\/2026\/09\/Take-Me-to-the-River_CamminoPesa_UNIFI_08-09.2026-31-696x928.jpeg 696w, https:\/\/www.mediovaldarno.it\/news\/wp-content\/uploads\/2026\/09\/Take-Me-to-the-River_CamminoPesa_UNIFI_08-09.2026-31-1068x1424.jpeg 1068w, https:\/\/www.mediovaldarno.it\/news\/wp-content\/uploads\/2026\/09\/Take-Me-to-the-River_CamminoPesa_UNIFI_08-09.2026-31-1320x1760.jpeg 1320w, https:\/\/www.mediovaldarno.it\/news\/wp-content\/uploads\/2026\/09\/Take-Me-to-the-River_CamminoPesa_UNIFI_08-09.2026-31.jpeg 1440w\" sizes=\"(max-width: 315px) 100vw, 315px\" alt=\"\">\r\n                            <\/a>\r\n                            \r\n                        <\/figure>\r\n                    <\/div>\r\n                    <div class = \"td-slide-item td-item39\">\r\n                        <figure class=\"td-slide-galery-figure td-slide-popup-gallery\">\r\n                            <a class=\"slide-gallery-image-link\" href=\"https:\/\/www.mediovaldarno.it\/news\/wp-content\/uploads\/2026\/09\/Take-Me-to-the-River_CamminoPesa_UNIFI_08-09.2026-40.jpeg\" title=\"Take Me to the River_CamminoPesa_UNIFI_08-09.2026 (40)\"  data-caption=\"\"  data-description=\"\">\r\n                                <img decoding=\"async\" src=\"https:\/\/www.mediovaldarno.it\/news\/wp-content\/uploads\/2026\/09\/Take-Me-to-the-River_CamminoPesa_UNIFI_08-09.2026-40-560x420.jpeg\" srcset=\"https:\/\/www.mediovaldarno.it\/news\/wp-content\/uploads\/2026\/09\/Take-Me-to-the-River_CamminoPesa_UNIFI_08-09.2026-40-560x420.jpeg 560w, https:\/\/www.mediovaldarno.it\/news\/wp-content\/uploads\/2026\/09\/Take-Me-to-the-River_CamminoPesa_UNIFI_08-09.2026-40-510x383.jpeg 510w, https:\/\/www.mediovaldarno.it\/news\/wp-content\/uploads\/2026\/09\/Take-Me-to-the-River_CamminoPesa_UNIFI_08-09.2026-40-1080x810.jpeg 1080w, https:\/\/www.mediovaldarno.it\/news\/wp-content\/uploads\/2026\/09\/Take-Me-to-the-River_CamminoPesa_UNIFI_08-09.2026-40-320x240.jpeg 320w, https:\/\/www.mediovaldarno.it\/news\/wp-content\/uploads\/2026\/09\/Take-Me-to-the-River_CamminoPesa_UNIFI_08-09.2026-40-768x576.jpeg 768w, https:\/\/www.mediovaldarno.it\/news\/wp-content\/uploads\/2026\/09\/Take-Me-to-the-River_CamminoPesa_UNIFI_08-09.2026-40-1536x1152.jpeg 1536w, https:\/\/www.mediovaldarno.it\/news\/wp-content\/uploads\/2026\/09\/Take-Me-to-the-River_CamminoPesa_UNIFI_08-09.2026-40-696x522.jpeg 696w, https:\/\/www.mediovaldarno.it\/news\/wp-content\/uploads\/2026\/09\/Take-Me-to-the-River_CamminoPesa_UNIFI_08-09.2026-40-1068x801.jpeg 1068w, https:\/\/www.mediovaldarno.it\/news\/wp-content\/uploads\/2026\/09\/Take-Me-to-the-River_CamminoPesa_UNIFI_08-09.2026-40-80x60.jpeg 80w, https:\/\/www.mediovaldarno.it\/news\/wp-content\/uploads\/2026\/09\/Take-Me-to-the-River_CamminoPesa_UNIFI_08-09.2026-40-265x198.jpeg 265w, https:\/\/www.mediovaldarno.it\/news\/wp-content\/uploads\/2026\/09\/Take-Me-to-the-River_CamminoPesa_UNIFI_08-09.2026-40-1320x990.jpeg 1320w, https:\/\/www.mediovaldarno.it\/news\/wp-content\/uploads\/2026\/09\/Take-Me-to-the-River_CamminoPesa_UNIFI_08-09.2026-40.jpeg 1600w\" sizes=\"(max-width: 560px) 100vw, 560px\" alt=\"\">\r\n                            <\/a>\r\n                            \r\n                        <\/figure>\r\n                    <\/div>\r\n                    <div class = \"td-slide-item td-item40\">\r\n                        <figure class=\"td-slide-galery-figure td-slide-popup-gallery\">\r\n                            <a class=\"slide-gallery-image-link\" href=\"https:\/\/www.mediovaldarno.it\/news\/wp-content\/uploads\/2026\/09\/Take-Me-to-the-River_CamminoPesa_UNIFI_08-09.2026-32-e1788515775787.jpeg\" title=\"Take Me to the River_CamminoPesa_UNIFI_08-09.2026 (32)\"  data-caption=\"\"  data-description=\"\">\r\n                                <img decoding=\"async\" src=\"https:\/\/www.mediovaldarno.it\/news\/wp-content\/uploads\/2026\/09\/Take-Me-to-the-River_CamminoPesa_UNIFI_08-09.2026-32-e1788515775787-560x420.jpeg\" srcset=\"https:\/\/www.mediovaldarno.it\/news\/wp-content\/uploads\/2026\/09\/Take-Me-to-the-River_CamminoPesa_UNIFI_08-09.2026-32-e1788515775787-560x420.jpeg 560w, https:\/\/www.mediovaldarno.it\/news\/wp-content\/uploads\/2026\/09\/Take-Me-to-the-River_CamminoPesa_UNIFI_08-09.2026-32-e1788515775787-510x383.jpeg 510w, https:\/\/www.mediovaldarno.it\/news\/wp-content\/uploads\/2026\/09\/Take-Me-to-the-River_CamminoPesa_UNIFI_08-09.2026-32-e1788515775787-1080x810.jpeg 1080w, https:\/\/www.mediovaldarno.it\/news\/wp-content\/uploads\/2026\/09\/Take-Me-to-the-River_CamminoPesa_UNIFI_08-09.2026-32-e1788515775787-320x240.jpeg 320w, https:\/\/www.mediovaldarno.it\/news\/wp-content\/uploads\/2026\/09\/Take-Me-to-the-River_CamminoPesa_UNIFI_08-09.2026-32-e1788515775787-768x576.jpeg 768w, https:\/\/www.mediovaldarno.it\/news\/wp-content\/uploads\/2026\/09\/Take-Me-to-the-River_CamminoPesa_UNIFI_08-09.2026-32-e1788515775787-1536x1152.jpeg 1536w, https:\/\/www.mediovaldarno.it\/news\/wp-content\/uploads\/2026\/09\/Take-Me-to-the-River_CamminoPesa_UNIFI_08-09.2026-32-e1788515775787-696x522.jpeg 696w, https:\/\/www.mediovaldarno.it\/news\/wp-content\/uploads\/2026\/09\/Take-Me-to-the-River_CamminoPesa_UNIFI_08-09.2026-32-e1788515775787-1068x801.jpeg 1068w, https:\/\/www.mediovaldarno.it\/news\/wp-content\/uploads\/2026\/09\/Take-Me-to-the-River_CamminoPesa_UNIFI_08-09.2026-32-e1788515775787-80x60.jpeg 80w, https:\/\/www.mediovaldarno.it\/news\/wp-content\/uploads\/2026\/09\/Take-Me-to-the-River_CamminoPesa_UNIFI_08-09.2026-32-e1788515775787-265x198.jpeg 265w, https:\/\/www.mediovaldarno.it\/news\/wp-content\/uploads\/2026\/09\/Take-Me-to-the-River_CamminoPesa_UNIFI_08-09.2026-32-e1788515775787-1320x990.jpeg 1320w, https:\/\/www.mediovaldarno.it\/news\/wp-content\/uploads\/2026\/09\/Take-Me-to-the-River_CamminoPesa_UNIFI_08-09.2026-32-e1788515775787.jpeg 1920w\" sizes=\"(max-width: 560px) 100vw, 560px\" alt=\"\">\r\n                            <\/a>\r\n                            \r\n                        <\/figure>\r\n                    <\/div>\r\n                    <div class = \"td-slide-item td-item41\">\r\n                        <figure class=\"td-slide-galery-figure td-slide-popup-gallery\">\r\n                            <a class=\"slide-gallery-image-link\" href=\"https:\/\/www.mediovaldarno.it\/news\/wp-content\/uploads\/2026\/09\/Take-Me-to-the-River_CamminoPesa_UNIFI_08-09.2026-38.jpeg\" title=\"Take Me to the River_CamminoPesa_UNIFI_08-09.2026 (38)\"  data-caption=\"\"  data-description=\"\">\r\n                                <img decoding=\"async\" src=\"https:\/\/www.mediovaldarno.it\/news\/wp-content\/uploads\/2026\/09\/Take-Me-to-the-River_CamminoPesa_UNIFI_08-09.2026-38-315x420.jpeg\" srcset=\"https:\/\/www.mediovaldarno.it\/news\/wp-content\/uploads\/2026\/09\/Take-Me-to-the-River_CamminoPesa_UNIFI_08-09.2026-38-315x420.jpeg 315w, https:\/\/www.mediovaldarno.it\/news\/wp-content\/uploads\/2026\/09\/Take-Me-to-the-River_CamminoPesa_UNIFI_08-09.2026-38-383x510.jpeg 383w, https:\/\/www.mediovaldarno.it\/news\/wp-content\/uploads\/2026\/09\/Take-Me-to-the-River_CamminoPesa_UNIFI_08-09.2026-38-810x1080.jpeg 810w, https:\/\/www.mediovaldarno.it\/news\/wp-content\/uploads\/2026\/09\/Take-Me-to-the-River_CamminoPesa_UNIFI_08-09.2026-38-240x320.jpeg 240w, https:\/\/www.mediovaldarno.it\/news\/wp-content\/uploads\/2026\/09\/Take-Me-to-the-River_CamminoPesa_UNIFI_08-09.2026-38-768x1024.jpeg 768w, https:\/\/www.mediovaldarno.it\/news\/wp-content\/uploads\/2026\/09\/Take-Me-to-the-River_CamminoPesa_UNIFI_08-09.2026-38-1152x1536.jpeg 1152w, https:\/\/www.mediovaldarno.it\/news\/wp-content\/uploads\/2026\/09\/Take-Me-to-the-River_CamminoPesa_UNIFI_08-09.2026-38-696x928.jpeg 696w, https:\/\/www.mediovaldarno.it\/news\/wp-content\/uploads\/2026\/09\/Take-Me-to-the-River_CamminoPesa_UNIFI_08-09.2026-38-1068x1424.jpeg 1068w, https:\/\/www.mediovaldarno.it\/news\/wp-content\/uploads\/2026\/09\/Take-Me-to-the-River_CamminoPesa_UNIFI_08-09.2026-38.jpeg 1200w\" sizes=\"(max-width: 315px) 100vw, 315px\" alt=\"\">\r\n                            <\/a>\r\n                            \r\n                        <\/figure>\r\n                    <\/div>\r\n                    <div class = \"td-slide-item td-item42\">\r\n                        <figure class=\"td-slide-galery-figure td-slide-popup-gallery\">\r\n                            <a class=\"slide-gallery-image-link\" href=\"https:\/\/www.mediovaldarno.it\/news\/wp-content\/uploads\/2026\/09\/Take-Me-to-the-River_CamminoPesa_UNIFI_08-09.2026-30.jpeg\" title=\"Take Me to the River_CamminoPesa_UNIFI_08-09.2026 (30)\"  data-caption=\"\"  data-description=\"\">\r\n                                <img decoding=\"async\" src=\"https:\/\/www.mediovaldarno.it\/news\/wp-content\/uploads\/2026\/09\/Take-Me-to-the-River_CamminoPesa_UNIFI_08-09.2026-30-315x420.jpeg\" srcset=\"https:\/\/www.mediovaldarno.it\/news\/wp-content\/uploads\/2026\/09\/Take-Me-to-the-River_CamminoPesa_UNIFI_08-09.2026-30-315x420.jpeg 315w, https:\/\/www.mediovaldarno.it\/news\/wp-content\/uploads\/2026\/09\/Take-Me-to-the-River_CamminoPesa_UNIFI_08-09.2026-30-383x510.jpeg 383w, https:\/\/www.mediovaldarno.it\/news\/wp-content\/uploads\/2026\/09\/Take-Me-to-the-River_CamminoPesa_UNIFI_08-09.2026-30-810x1080.jpeg 810w, https:\/\/www.mediovaldarno.it\/news\/wp-content\/uploads\/2026\/09\/Take-Me-to-the-River_CamminoPesa_UNIFI_08-09.2026-30-240x320.jpeg 240w, https:\/\/www.mediovaldarno.it\/news\/wp-content\/uploads\/2026\/09\/Take-Me-to-the-River_CamminoPesa_UNIFI_08-09.2026-30-768x1024.jpeg 768w, https:\/\/www.mediovaldarno.it\/news\/wp-content\/uploads\/2026\/09\/Take-Me-to-the-River_CamminoPesa_UNIFI_08-09.2026-30-1152x1536.jpeg 1152w, https:\/\/www.mediovaldarno.it\/news\/wp-content\/uploads\/2026\/09\/Take-Me-to-the-River_CamminoPesa_UNIFI_08-09.2026-30-696x928.jpeg 696w, https:\/\/www.mediovaldarno.it\/news\/wp-content\/uploads\/2026\/09\/Take-Me-to-the-River_CamminoPesa_UNIFI_08-09.2026-30-1068x1424.jpeg 1068w, https:\/\/www.mediovaldarno.it\/news\/wp-content\/uploads\/2026\/09\/Take-Me-to-the-River_CamminoPesa_UNIFI_08-09.2026-30-1320x1760.jpeg 1320w, https:\/\/www.mediovaldarno.it\/news\/wp-content\/uploads\/2026\/09\/Take-Me-to-the-River_CamminoPesa_UNIFI_08-09.2026-30.jpeg 1440w\" sizes=\"(max-width: 315px) 100vw, 315px\" alt=\"\">\r\n                            <\/a>\r\n                            \r\n                        <\/figure>\r\n                    <\/div>\r\n                    <div class = \"td-slide-item td-item43\">\r\n                        <figure class=\"td-slide-galery-figure td-slide-popup-gallery\">\r\n                            <a class=\"slide-gallery-image-link\" href=\"https:\/\/www.mediovaldarno.it\/news\/wp-content\/uploads\/2026\/09\/Take-Me-to-the-River_CamminoPesa_UNIFI_08-09.2026-21.jpeg\" title=\"Take Me to the River_CamminoPesa_UNIFI_08-09.2026 (21)\"  data-caption=\"\"  data-description=\"\">\r\n                                <img decoding=\"async\" src=\"https:\/\/www.mediovaldarno.it\/news\/wp-content\/uploads\/2026\/09\/Take-Me-to-the-River_CamminoPesa_UNIFI_08-09.2026-21-315x420.jpeg\" srcset=\"https:\/\/www.mediovaldarno.it\/news\/wp-content\/uploads\/2026\/09\/Take-Me-to-the-River_CamminoPesa_UNIFI_08-09.2026-21-315x420.jpeg 315w, https:\/\/www.mediovaldarno.it\/news\/wp-content\/uploads\/2026\/09\/Take-Me-to-the-River_CamminoPesa_UNIFI_08-09.2026-21-383x510.jpeg 383w, https:\/\/www.mediovaldarno.it\/news\/wp-content\/uploads\/2026\/09\/Take-Me-to-the-River_CamminoPesa_UNIFI_08-09.2026-21-810x1080.jpeg 810w, https:\/\/www.mediovaldarno.it\/news\/wp-content\/uploads\/2026\/09\/Take-Me-to-the-River_CamminoPesa_UNIFI_08-09.2026-21-240x320.jpeg 240w, https:\/\/www.mediovaldarno.it\/news\/wp-content\/uploads\/2026\/09\/Take-Me-to-the-River_CamminoPesa_UNIFI_08-09.2026-21-768x1024.jpeg 768w, https:\/\/www.mediovaldarno.it\/news\/wp-content\/uploads\/2026\/09\/Take-Me-to-the-River_CamminoPesa_UNIFI_08-09.2026-21-1152x1536.jpeg 1152w, https:\/\/www.mediovaldarno.it\/news\/wp-content\/uploads\/2026\/09\/Take-Me-to-the-River_CamminoPesa_UNIFI_08-09.2026-21-696x928.jpeg 696w, https:\/\/www.mediovaldarno.it\/news\/wp-content\/uploads\/2026\/09\/Take-Me-to-the-River_CamminoPesa_UNIFI_08-09.2026-21-1068x1424.jpeg 1068w, https:\/\/www.mediovaldarno.it\/news\/wp-content\/uploads\/2026\/09\/Take-Me-to-the-River_CamminoPesa_UNIFI_08-09.2026-21-1320x1760.jpeg 1320w, https:\/\/www.mediovaldarno.it\/news\/wp-content\/uploads\/2026\/09\/Take-Me-to-the-River_CamminoPesa_UNIFI_08-09.2026-21.jpeg 1440w\" sizes=\"(max-width: 315px) 100vw, 315px\" alt=\"\">\r\n                            <\/a>\r\n                            \r\n                        <\/figure>\r\n                    <\/div>\r\n                    <div class = \"td-slide-item td-item44\">\r\n                        <figure class=\"td-slide-galery-figure td-slide-popup-gallery\">\r\n                            <a class=\"slide-gallery-image-link\" href=\"https:\/\/www.mediovaldarno.it\/news\/wp-content\/uploads\/2026\/09\/Take-Me-to-the-River_CamminoPesa_UNIFI_08-09.2026-28.jpeg\" title=\"Take Me to the River_CamminoPesa_UNIFI_08-09.2026 (28)\"  data-caption=\"\"  data-description=\"\">\r\n                                <img decoding=\"async\" src=\"https:\/\/www.mediovaldarno.it\/news\/wp-content\/uploads\/2026\/09\/Take-Me-to-the-River_CamminoPesa_UNIFI_08-09.2026-28-315x420.jpeg\" srcset=\"https:\/\/www.mediovaldarno.it\/news\/wp-content\/uploads\/2026\/09\/Take-Me-to-the-River_CamminoPesa_UNIFI_08-09.2026-28-315x420.jpeg 315w, https:\/\/www.mediovaldarno.it\/news\/wp-content\/uploads\/2026\/09\/Take-Me-to-the-River_CamminoPesa_UNIFI_08-09.2026-28-383x510.jpeg 383w, https:\/\/www.mediovaldarno.it\/news\/wp-content\/uploads\/2026\/09\/Take-Me-to-the-River_CamminoPesa_UNIFI_08-09.2026-28-810x1080.jpeg 810w, https:\/\/www.mediovaldarno.it\/news\/wp-content\/uploads\/2026\/09\/Take-Me-to-the-River_CamminoPesa_UNIFI_08-09.2026-28-240x320.jpeg 240w, https:\/\/www.mediovaldarno.it\/news\/wp-content\/uploads\/2026\/09\/Take-Me-to-the-River_CamminoPesa_UNIFI_08-09.2026-28-768x1024.jpeg 768w, https:\/\/www.mediovaldarno.it\/news\/wp-content\/uploads\/2026\/09\/Take-Me-to-the-River_CamminoPesa_UNIFI_08-09.2026-28-1152x1536.jpeg 1152w, https:\/\/www.mediovaldarno.it\/news\/wp-content\/uploads\/2026\/09\/Take-Me-to-the-River_CamminoPesa_UNIFI_08-09.2026-28-696x928.jpeg 696w, https:\/\/www.mediovaldarno.it\/news\/wp-content\/uploads\/2026\/09\/Take-Me-to-the-River_CamminoPesa_UNIFI_08-09.2026-28-1068x1424.jpeg 1068w, https:\/\/www.mediovaldarno.it\/news\/wp-content\/uploads\/2026\/09\/Take-Me-to-the-River_CamminoPesa_UNIFI_08-09.2026-28-1320x1760.jpeg 1320w, https:\/\/www.mediovaldarno.it\/news\/wp-content\/uploads\/2026\/09\/Take-Me-to-the-River_CamminoPesa_UNIFI_08-09.2026-28.jpeg 1440w\" sizes=\"(max-width: 315px) 100vw, 315px\" alt=\"\">\r\n                            <\/a>\r\n                            \r\n                        <\/figure>\r\n                    <\/div>\r\n                    <div class = \"td-slide-item td-item45\">\r\n                        <figure class=\"td-slide-galery-figure td-slide-popup-gallery\">\r\n                            <a class=\"slide-gallery-image-link\" href=\"https:\/\/www.mediovaldarno.it\/news\/wp-content\/uploads\/2026\/09\/Take-Me-to-the-River_CamminoPesa_UNIFI_08-09.2026-22.jpeg\" title=\"Take Me to the River_CamminoPesa_UNIFI_08-09.2026 (22)\"  data-caption=\"\"  data-description=\"\">\r\n                                <img decoding=\"async\" src=\"https:\/\/www.mediovaldarno.it\/news\/wp-content\/uploads\/2026\/09\/Take-Me-to-the-River_CamminoPesa_UNIFI_08-09.2026-22-560x420.jpeg\" srcset=\"https:\/\/www.mediovaldarno.it\/news\/wp-content\/uploads\/2026\/09\/Take-Me-to-the-River_CamminoPesa_UNIFI_08-09.2026-22-560x420.jpeg 560w, https:\/\/www.mediovaldarno.it\/news\/wp-content\/uploads\/2026\/09\/Take-Me-to-the-River_CamminoPesa_UNIFI_08-09.2026-22-510x383.jpeg 510w, https:\/\/www.mediovaldarno.it\/news\/wp-content\/uploads\/2026\/09\/Take-Me-to-the-River_CamminoPesa_UNIFI_08-09.2026-22-1080x810.jpeg 1080w, https:\/\/www.mediovaldarno.it\/news\/wp-content\/uploads\/2026\/09\/Take-Me-to-the-River_CamminoPesa_UNIFI_08-09.2026-22-320x240.jpeg 320w, https:\/\/www.mediovaldarno.it\/news\/wp-content\/uploads\/2026\/09\/Take-Me-to-the-River_CamminoPesa_UNIFI_08-09.2026-22-768x576.jpeg 768w, https:\/\/www.mediovaldarno.it\/news\/wp-content\/uploads\/2026\/09\/Take-Me-to-the-River_CamminoPesa_UNIFI_08-09.2026-22-1536x1152.jpeg 1536w, https:\/\/www.mediovaldarno.it\/news\/wp-content\/uploads\/2026\/09\/Take-Me-to-the-River_CamminoPesa_UNIFI_08-09.2026-22-696x522.jpeg 696w, https:\/\/www.mediovaldarno.it\/news\/wp-content\/uploads\/2026\/09\/Take-Me-to-the-River_CamminoPesa_UNIFI_08-09.2026-22-1068x801.jpeg 1068w, https:\/\/www.mediovaldarno.it\/news\/wp-content\/uploads\/2026\/09\/Take-Me-to-the-River_CamminoPesa_UNIFI_08-09.2026-22-80x60.jpeg 80w, https:\/\/www.mediovaldarno.it\/news\/wp-content\/uploads\/2026\/09\/Take-Me-to-the-River_CamminoPesa_UNIFI_08-09.2026-22-265x198.jpeg 265w, https:\/\/www.mediovaldarno.it\/news\/wp-content\/uploads\/2026\/09\/Take-Me-to-the-River_CamminoPesa_UNIFI_08-09.2026-22-1320x990.jpeg 1320w, https:\/\/www.mediovaldarno.it\/news\/wp-content\/uploads\/2026\/09\/Take-Me-to-the-River_CamminoPesa_UNIFI_08-09.2026-22.jpeg 1920w\" sizes=\"(max-width: 560px) 100vw, 560px\" alt=\"\">\r\n                            <\/a>\r\n                            \r\n                        <\/figure>\r\n                    <\/div>\r\n                    <div class = \"td-slide-item td-item46\">\r\n                        <figure class=\"td-slide-galery-figure td-slide-popup-gallery\">\r\n                            <a class=\"slide-gallery-image-link\" href=\"https:\/\/www.mediovaldarno.it\/news\/wp-content\/uploads\/2026\/09\/Take-Me-to-the-River_CamminoPesa_UNIFI_08-09.2026-29-e1788515804497.jpeg\" title=\"Take Me to the River_CamminoPesa_UNIFI_08-09.2026 (29)\"  data-caption=\"\"  data-description=\"\">\r\n                                <img decoding=\"async\" src=\"https:\/\/www.mediovaldarno.it\/news\/wp-content\/uploads\/2026\/09\/Take-Me-to-the-River_CamminoPesa_UNIFI_08-09.2026-29-e1788515804497-560x420.jpeg\" srcset=\"https:\/\/www.mediovaldarno.it\/news\/wp-content\/uploads\/2026\/09\/Take-Me-to-the-River_CamminoPesa_UNIFI_08-09.2026-29-e1788515804497-560x420.jpeg 560w, https:\/\/www.mediovaldarno.it\/news\/wp-content\/uploads\/2026\/09\/Take-Me-to-the-River_CamminoPesa_UNIFI_08-09.2026-29-e1788515804497-510x383.jpeg 510w, https:\/\/www.mediovaldarno.it\/news\/wp-content\/uploads\/2026\/09\/Take-Me-to-the-River_CamminoPesa_UNIFI_08-09.2026-29-e1788515804497-1080x810.jpeg 1080w, https:\/\/www.mediovaldarno.it\/news\/wp-content\/uploads\/2026\/09\/Take-Me-to-the-River_CamminoPesa_UNIFI_08-09.2026-29-e1788515804497-320x240.jpeg 320w, https:\/\/www.mediovaldarno.it\/news\/wp-content\/uploads\/2026\/09\/Take-Me-to-the-River_CamminoPesa_UNIFI_08-09.2026-29-e1788515804497-768x576.jpeg 768w, https:\/\/www.mediovaldarno.it\/news\/wp-content\/uploads\/2026\/09\/Take-Me-to-the-River_CamminoPesa_UNIFI_08-09.2026-29-e1788515804497-1536x1152.jpeg 1536w, https:\/\/www.mediovaldarno.it\/news\/wp-content\/uploads\/2026\/09\/Take-Me-to-the-River_CamminoPesa_UNIFI_08-09.2026-29-e1788515804497-696x522.jpeg 696w, https:\/\/www.mediovaldarno.it\/news\/wp-content\/uploads\/2026\/09\/Take-Me-to-the-River_CamminoPesa_UNIFI_08-09.2026-29-e1788515804497-1068x801.jpeg 1068w, https:\/\/www.mediovaldarno.it\/news\/wp-content\/uploads\/2026\/09\/Take-Me-to-the-River_CamminoPesa_UNIFI_08-09.2026-29-e1788515804497-80x60.jpeg 80w, https:\/\/www.mediovaldarno.it\/news\/wp-content\/uploads\/2026\/09\/Take-Me-to-the-River_CamminoPesa_UNIFI_08-09.2026-29-e1788515804497-265x198.jpeg 265w, https:\/\/www.mediovaldarno.it\/news\/wp-content\/uploads\/2026\/09\/Take-Me-to-the-River_CamminoPesa_UNIFI_08-09.2026-29-e1788515804497-1320x990.jpeg 1320w, https:\/\/www.mediovaldarno.it\/news\/wp-content\/uploads\/2026\/09\/Take-Me-to-the-River_CamminoPesa_UNIFI_08-09.2026-29-e1788515804497.jpeg 1920w\" sizes=\"(max-width: 560px) 100vw, 560px\" alt=\"\">\r\n                            <\/a>\r\n                            \r\n                        <\/figure>\r\n                    <\/div>\r\n                    <div class = \"td-slide-item td-item47\">\r\n                        <figure class=\"td-slide-galery-figure td-slide-popup-gallery\">\r\n                            <a class=\"slide-gallery-image-link\" href=\"https:\/\/www.mediovaldarno.it\/news\/wp-content\/uploads\/2026\/09\/Take-Me-to-the-River_CamminoPesa_UNIFI_08-09.2026.jpeg\" title=\"Take Me to the River_CamminoPesa_UNIFI_08-09.2026\"  data-caption=\"\"  data-description=\"\">\r\n                                <img decoding=\"async\" src=\"https:\/\/www.mediovaldarno.it\/news\/wp-content\/uploads\/2026\/09\/Take-Me-to-the-River_CamminoPesa_UNIFI_08-09.2026-384x420.jpeg\" srcset=\"https:\/\/www.mediovaldarno.it\/news\/wp-content\/uploads\/2026\/09\/Take-Me-to-the-River_CamminoPesa_UNIFI_08-09.2026-384x420.jpeg 384w, https:\/\/www.mediovaldarno.it\/news\/wp-content\/uploads\/2026\/09\/Take-Me-to-the-River_CamminoPesa_UNIFI_08-09.2026-467x510.jpeg 467w, https:\/\/www.mediovaldarno.it\/news\/wp-content\/uploads\/2026\/09\/Take-Me-to-the-River_CamminoPesa_UNIFI_08-09.2026-988x1080.jpeg 988w, https:\/\/www.mediovaldarno.it\/news\/wp-content\/uploads\/2026\/09\/Take-Me-to-the-River_CamminoPesa_UNIFI_08-09.2026-293x320.jpeg 293w, https:\/\/www.mediovaldarno.it\/news\/wp-content\/uploads\/2026\/09\/Take-Me-to-the-River_CamminoPesa_UNIFI_08-09.2026-768x839.jpeg 768w, https:\/\/www.mediovaldarno.it\/news\/wp-content\/uploads\/2026\/09\/Take-Me-to-the-River_CamminoPesa_UNIFI_08-09.2026-1405x1536.jpeg 1405w, https:\/\/www.mediovaldarno.it\/news\/wp-content\/uploads\/2026\/09\/Take-Me-to-the-River_CamminoPesa_UNIFI_08-09.2026-696x761.jpeg 696w, https:\/\/www.mediovaldarno.it\/news\/wp-content\/uploads\/2026\/09\/Take-Me-to-the-River_CamminoPesa_UNIFI_08-09.2026-1068x1167.jpeg 1068w, https:\/\/www.mediovaldarno.it\/news\/wp-content\/uploads\/2026\/09\/Take-Me-to-the-River_CamminoPesa_UNIFI_08-09.2026-1320x1443.jpeg 1320w, https:\/\/www.mediovaldarno.it\/news\/wp-content\/uploads\/2026\/09\/Take-Me-to-the-River_CamminoPesa_UNIFI_08-09.2026.jpeg 1464w\" sizes=\"(max-width: 384px) 100vw, 384px\" alt=\"\">\r\n                            <\/a>\r\n                            \r\n                        <\/figure>\r\n                    <\/div>\r\n                            <\/div>\r\n                        <\/div>\r\n\r\n                        <div class = \"td-doubleSlider-2\">\r\n                            <div class = \"td-slider\">\r\n                                \r\n                    <div class = \"td-button td-item1\">\r\n                        <div class = \"td-border\"><\/div>\r\n                    <\/div>\r\n                    <div class = \"td-button td-item2\">\r\n                        <div class = \"td-border\"><\/div>\r\n                    <\/div>\r\n                    <div class = \"td-button td-item3\">\r\n                        <div class = \"td-border\"><\/div>\r\n                    <\/div>\r\n                    <div class = \"td-button td-item4\">\r\n                        <div class = \"td-border\"><\/div>\r\n                    <\/div>\r\n                    <div class = \"td-button td-item5\">\r\n                        <div class = \"td-border\"><\/div>\r\n                    <\/div>\r\n                    <div class = \"td-button td-item6\">\r\n                        <div class = \"td-border\"><\/div>\r\n                    <\/div>\r\n                    <div class = \"td-button td-item7\">\r\n                        <div class = \"td-border\"><\/div>\r\n                    <\/div>\r\n                    <div class = \"td-button td-item8\">\r\n                        <div class = \"td-border\"><\/div>\r\n                    <\/div>\r\n                    <div class = \"td-button td-item9\">\r\n                        <div class = \"td-border\"><\/div>\r\n                    <\/div>\r\n                    <div class = \"td-button td-item10\">\r\n                        <div class = \"td-border\"><\/div>\r\n                    <\/div>\r\n                    <div class = \"td-button td-item11\">\r\n                        <div class = \"td-border\"><\/div>\r\n                    <\/div>\r\n                    <div class = \"td-button td-item12\">\r\n                        <div class = \"td-border\"><\/div>\r\n                    <\/div>\r\n                    <div class = \"td-button td-item13\">\r\n                        <div class = \"td-border\"><\/div>\r\n                    <\/div>\r\n                    <div class = \"td-button td-item14\">\r\n                        <div class = \"td-border\"><\/div>\r\n                    <\/div>\r\n                    <div class = \"td-button td-item15\">\r\n                        <div class = \"td-border\"><\/div>\r\n                    <\/div>\r\n                    <div class = \"td-button td-item16\">\r\n                        <div class = \"td-border\"><\/div>\r\n                    <\/div>\r\n                    <div class = \"td-button td-item17\">\r\n                        <div class = \"td-border\"><\/div>\r\n                    <\/div>\r\n                    <div class = \"td-button td-item18\">\r\n                        <div class = \"td-border\"><\/div>\r\n                    <\/div>\r\n                    <div class = \"td-button td-item19\">\r\n                        <div class = \"td-border\"><\/div>\r\n                    <\/div>\r\n                    <div class = \"td-button td-item20\">\r\n                        <div class = \"td-border\"><\/div>\r\n                    <\/div>\r\n                    <div class = \"td-button td-item21\">\r\n                        <div class = \"td-border\"><\/div>\r\n                    <\/div>\r\n                    <div class = \"td-button td-item22\">\r\n                        <div class = \"td-border\"><\/div>\r\n                    <\/div>\r\n                    <div class = \"td-button td-item23\">\r\n                        <div class = \"td-border\"><\/div>\r\n                    <\/div>\r\n                    <div class = \"td-button td-item24\">\r\n                        <div class = \"td-border\"><\/div>\r\n                    <\/div>\r\n                    <div class = \"td-button td-item25\">\r\n                        <div class = \"td-border\"><\/div>\r\n                    <\/div>\r\n                    <div class = \"td-button td-item26\">\r\n                        <div class = \"td-border\"><\/div>\r\n                    <\/div>\r\n                    <div class = \"td-button td-item27\">\r\n                        <div class = \"td-border\"><\/div>\r\n                    <\/div>\r\n                    <div class = \"td-button td-item28\">\r\n                        <div class = \"td-border\"><\/div>\r\n                    <\/div>\r\n                    <div class = \"td-button td-item29\">\r\n                        <div class = \"td-border\"><\/div>\r\n                    <\/div>\r\n                    <div class = \"td-button td-item30\">\r\n                        <div class = \"td-border\"><\/div>\r\n                    <\/div>\r\n                    <div class = \"td-button td-item31\">\r\n                        <div class = \"td-border\"><\/div>\r\n                    <\/div>\r\n                    <div class = \"td-button td-item32\">\r\n                        <div class = \"td-border\"><\/div>\r\n                    <\/div>\r\n                    <div class = \"td-button td-item33\">\r\n                        <div class = \"td-border\"><\/div>\r\n                    <\/div>\r\n                    <div class = \"td-button td-item34\">\r\n                        <div class = \"td-border\"><\/div>\r\n                    <\/div>\r\n                    <div class = \"td-button td-item35\">\r\n                        <div class = \"td-border\"><\/div>\r\n                    <\/div>\r\n                    <div class = \"td-button td-item36\">\r\n                        <div class = \"td-border\"><\/div>\r\n                    <\/div>\r\n                    <div class = \"td-button td-item37\">\r\n                        <div class = \"td-border\"><\/div>\r\n                    <\/div>\r\n                    <div class = \"td-button td-item38\">\r\n                        <div class = \"td-border\"><\/div>\r\n                    <\/div>\r\n                    <div class = \"td-button td-item39\">\r\n                        <div class = \"td-border\"><\/div>\r\n                    <\/div>\r\n                    <div class = \"td-button td-item40\">\r\n                        <div class = \"td-border\"><\/div>\r\n                    <\/div>\r\n                    <div class = \"td-button td-item41\">\r\n                        <div class = \"td-border\"><\/div>\r\n                    <\/div>\r\n                    <div class = \"td-button td-item42\">\r\n                        <div class = \"td-border\"><\/div>\r\n                    <\/div>\r\n                    <div class = \"td-button td-item43\">\r\n                        <div class = \"td-border\"><\/div>\r\n                    <\/div>\r\n                    <div class = \"td-button td-item44\">\r\n                        <div class = \"td-border\"><\/div>\r\n                    <\/div>\r\n                    <div class = \"td-button td-item45\">\r\n                        <div class = \"td-border\"><\/div>\r\n                    <\/div>\r\n                    <div class = \"td-button td-item46\">\r\n                        <div class = \"td-border\"><\/div>\r\n                    <\/div>\r\n                    <div class = \"td-button td-item47\">\r\n                        <div class = \"td-border\"><\/div>\r\n                    <\/div>\r\n                            <\/div>\r\n                        <\/div>\r\n\r\n                    <\/div>\r\n\r\n                <\/div>\r\n                \n","protected":false},"excerpt":{"rendered":"<p>Si conclude oggi, con una giornata di studi presso il Dipartimento di Architettura dell\u2019Universit\u00e0 degli Studi di Firenze, la Summer School del Laboratorio del Cammino che ha visto anche il Consorzio incontrare gli studenti, docenti e ricercatori a piedi lungo il torrente Pesa, dalla sorgente di Radda in Chianti fino a Montelupo Fiorentino, per studiare [&hellip;]<\/p>\n","protected":false},"author":4,"featured_media":12891,"comment_status":"closed","ping_status":"closed","sticky":false,"template":"","format":"standard","meta":{"footnotes":""},"categories":[8,7,9,4,5],"tags":[],"class_list":["post-12872","post","type-post","status-publish","format-standard","has-post-thumbnail","category-agricoltura-e-ambiente","category-consorzio-di-bonifica","category-eventi-e-appuntamenti","category-notizie","category-primo-piano"],"yoast_head":"<!-- This site is optimized with the Yoast SEO plugin v28.4 - https:\/\/yoast.com\/product\/yoast-seo-wordpress\/ -->\n<title>&quot;Take me to the river&quot;: finale e gallery completa del cammino degli universitari lungo il torrente Pesa - www.mediovaldarno.it<\/title>\n<meta name=\"robots\" content=\"index, follow, max-snippet:-1, max-image-preview:large, max-video-preview:-1\" \/>\n<link rel=\"canonical\" href=\"https:\/\/www.mediovaldarno.it\/news\/take-me-to-the-river-finale-e-gallery-completa-del-cammino-degli-universitari-lungo-il-torrente-pesa\/\" \/>\n<meta property=\"og:locale\" content=\"it_IT\" \/>\n<meta property=\"og:type\" content=\"article\" \/>\n<meta property=\"og:title\" content=\"&quot;Take me to the river&quot;: finale e gallery completa del cammino degli universitari lungo il torrente Pesa - www.mediovaldarno.it\" \/>\n<meta property=\"og:description\" content=\"Si conclude oggi, con una giornata di studi presso il Dipartimento di Architettura dell\u2019Universit\u00e0 degli Studi di Firenze, la Summer School del Laboratorio del Cammino che ha visto anche il Consorzio incontrare gli studenti, docenti e ricercatori a piedi lungo il torrente Pesa, dalla sorgente di Radda in Chianti fino a Montelupo Fiorentino, per studiare [&hellip;]\" \/>\n<meta property=\"og:url\" content=\"https:\/\/www.mediovaldarno.it\/news\/take-me-to-the-river-finale-e-gallery-completa-del-cammino-degli-universitari-lungo-il-torrente-pesa\/\" \/>\n<meta property=\"og:site_name\" content=\"www.mediovaldarno.it\" \/>\n<meta property=\"article:publisher\" content=\"https:\/\/www.facebook.com\/consorziobonifica3mediovaldarno\" \/>\n<meta property=\"article:published_time\" content=\"2026-09-04T09:57:41+00:00\" \/>\n<meta property=\"article:modified_time\" content=\"2026-09-04T09:59:48+00:00\" \/>\n<meta property=\"og:image\" content=\"https:\/\/www.mediovaldarno.it\/news\/wp-content\/uploads\/2026\/09\/Take-Me-to-the-River_CamminoPesa_UNIFI_08-09.2026-27.jpeg\" \/>\n\t<meta property=\"og:image:width\" content=\"1440\" \/>\n\t<meta property=\"og:image:height\" content=\"1920\" \/>\n\t<meta property=\"og:image:type\" content=\"image\/jpeg\" \/>\n<meta name=\"author\" content=\"Sandro Matteini\" \/>\n<meta name=\"twitter:card\" content=\"summary_large_image\" \/>\n<meta name=\"twitter:creator\" content=\"@CBMedioValdarno\" \/>\n<meta name=\"twitter:site\" content=\"@CBMedioValdarno\" \/>\n<meta name=\"twitter:label1\" content=\"Scritto da\" \/>\n\t<meta name=\"twitter:data1\" content=\"Sandro Matteini\" \/>\n\t<meta name=\"twitter:label2\" content=\"Tempo di lettura stimato\" \/>\n\t<meta name=\"twitter:data2\" content=\"2 minuti\" \/>\n<script type=\"application\/ld+json\" class=\"yoast-schema-graph\">{\"@context\":\"https:\\\/\\\/schema.org\",\"@graph\":[{\"@type\":\"Article\",\"@id\":\"https:\\\/\\\/www.mediovaldarno.it\\\/news\\\/take-me-to-the-river-finale-e-gallery-completa-del-cammino-degli-universitari-lungo-il-torrente-pesa\\\/#article\",\"isPartOf\":{\"@id\":\"https:\\\/\\\/www.mediovaldarno.it\\\/news\\\/take-me-to-the-river-finale-e-gallery-completa-del-cammino-degli-universitari-lungo-il-torrente-pesa\\\/\"},\"author\":{\"name\":\"Sandro Matteini\",\"@id\":\"https:\\\/\\\/www.mediovaldarno.it\\\/news\\\/#\\\/schema\\\/person\\\/4b80d1ea95684e806b6aa78692a8eb2f\"},\"headline\":\"&#8220;Take me to the river&#8221;: finale e gallery completa del cammino degli universitari lungo il torrente Pesa\",\"datePublished\":\"2026-09-04T09:57:41+00:00\",\"dateModified\":\"2026-09-04T09:59:48+00:00\",\"mainEntityOfPage\":{\"@id\":\"https:\\\/\\\/www.mediovaldarno.it\\\/news\\\/take-me-to-the-river-finale-e-gallery-completa-del-cammino-degli-universitari-lungo-il-torrente-pesa\\\/\"},\"wordCount\":332,\"publisher\":{\"@id\":\"https:\\\/\\\/www.mediovaldarno.it\\\/news\\\/#organization\"},\"image\":{\"@id\":\"https:\\\/\\\/www.mediovaldarno.it\\\/news\\\/take-me-to-the-river-finale-e-gallery-completa-del-cammino-degli-universitari-lungo-il-torrente-pesa\\\/#primaryimage\"},\"thumbnailUrl\":\"https:\\\/\\\/www.mediovaldarno.it\\\/news\\\/wp-content\\\/uploads\\\/2026\\\/09\\\/Take-Me-to-the-River_CamminoPesa_UNIFI_08-09.2026-27.jpeg\",\"articleSection\":[\"Agricoltura e ambiente\",\"Consorzio di Bonifica\",\"Eventi e appuntamenti\",\"Notizie\",\"Primo piano\"],\"inLanguage\":\"it-IT\"},{\"@type\":\"WebPage\",\"@id\":\"https:\\\/\\\/www.mediovaldarno.it\\\/news\\\/take-me-to-the-river-finale-e-gallery-completa-del-cammino-degli-universitari-lungo-il-torrente-pesa\\\/\",\"url\":\"https:\\\/\\\/www.mediovaldarno.it\\\/news\\\/take-me-to-the-river-finale-e-gallery-completa-del-cammino-degli-universitari-lungo-il-torrente-pesa\\\/\",\"name\":\"\\\"Take me to the river\\\": finale e gallery completa del cammino degli universitari lungo il torrente Pesa - www.mediovaldarno.it\",\"isPartOf\":{\"@id\":\"https:\\\/\\\/www.mediovaldarno.it\\\/news\\\/#website\"},\"primaryImageOfPage\":{\"@id\":\"https:\\\/\\\/www.mediovaldarno.it\\\/news\\\/take-me-to-the-river-finale-e-gallery-completa-del-cammino-degli-universitari-lungo-il-torrente-pesa\\\/#primaryimage\"},\"image\":{\"@id\":\"https:\\\/\\\/www.mediovaldarno.it\\\/news\\\/take-me-to-the-river-finale-e-gallery-completa-del-cammino-degli-universitari-lungo-il-torrente-pesa\\\/#primaryimage\"},\"thumbnailUrl\":\"https:\\\/\\\/www.mediovaldarno.it\\\/news\\\/wp-content\\\/uploads\\\/2026\\\/09\\\/Take-Me-to-the-River_CamminoPesa_UNIFI_08-09.2026-27.jpeg\",\"datePublished\":\"2026-09-04T09:57:41+00:00\",\"dateModified\":\"2026-09-04T09:59:48+00:00\",\"breadcrumb\":{\"@id\":\"https:\\\/\\\/www.mediovaldarno.it\\\/news\\\/take-me-to-the-river-finale-e-gallery-completa-del-cammino-degli-universitari-lungo-il-torrente-pesa\\\/#breadcrumb\"},\"inLanguage\":\"it-IT\",\"potentialAction\":[{\"@type\":\"ReadAction\",\"target\":[\"https:\\\/\\\/www.mediovaldarno.it\\\/news\\\/take-me-to-the-river-finale-e-gallery-completa-del-cammino-degli-universitari-lungo-il-torrente-pesa\\\/\"]}]},{\"@type\":\"ImageObject\",\"inLanguage\":\"it-IT\",\"@id\":\"https:\\\/\\\/www.mediovaldarno.it\\\/news\\\/take-me-to-the-river-finale-e-gallery-completa-del-cammino-degli-universitari-lungo-il-torrente-pesa\\\/#primaryimage\",\"url\":\"https:\\\/\\\/www.mediovaldarno.it\\\/news\\\/wp-content\\\/uploads\\\/2026\\\/09\\\/Take-Me-to-the-River_CamminoPesa_UNIFI_08-09.2026-27.jpeg\",\"contentUrl\":\"https:\\\/\\\/www.mediovaldarno.it\\\/news\\\/wp-content\\\/uploads\\\/2026\\\/09\\\/Take-Me-to-the-River_CamminoPesa_UNIFI_08-09.2026-27.jpeg\",\"width\":1440,\"height\":1920},{\"@type\":\"BreadcrumbList\",\"@id\":\"https:\\\/\\\/www.mediovaldarno.it\\\/news\\\/take-me-to-the-river-finale-e-gallery-completa-del-cammino-degli-universitari-lungo-il-torrente-pesa\\\/#breadcrumb\",\"itemListElement\":[{\"@type\":\"ListItem\",\"position\":1,\"name\":\"Home\",\"item\":\"https:\\\/\\\/www.mediovaldarno.it\\\/news\\\/\"},{\"@type\":\"ListItem\",\"position\":2,\"name\":\"&#8220;Take me to the river&#8221;: finale e gallery completa del cammino degli universitari lungo il torrente Pesa\"}]},{\"@type\":\"WebSite\",\"@id\":\"https:\\\/\\\/www.mediovaldarno.it\\\/news\\\/#website\",\"url\":\"https:\\\/\\\/www.mediovaldarno.it\\\/news\\\/\",\"name\":\"www.mediovaldarno.it\",\"description\":\"Notizie, approfondimenti, eventi dal cuore della Toscana\",\"publisher\":{\"@id\":\"https:\\\/\\\/www.mediovaldarno.it\\\/news\\\/#organization\"},\"potentialAction\":[{\"@type\":\"SearchAction\",\"target\":{\"@type\":\"EntryPoint\",\"urlTemplate\":\"https:\\\/\\\/www.mediovaldarno.it\\\/news\\\/?s={search_term_string}\"},\"query-input\":{\"@type\":\"PropertyValueSpecification\",\"valueRequired\":true,\"valueName\":\"search_term_string\"}}],\"inLanguage\":\"it-IT\"},{\"@type\":\"Organization\",\"@id\":\"https:\\\/\\\/www.mediovaldarno.it\\\/news\\\/#organization\",\"name\":\"www.mediovaldarno.it\",\"url\":\"https:\\\/\\\/www.mediovaldarno.it\\\/news\\\/\",\"logo\":{\"@type\":\"ImageObject\",\"inLanguage\":\"it-IT\",\"@id\":\"https:\\\/\\\/www.mediovaldarno.it\\\/news\\\/#\\\/schema\\\/logo\\\/image\\\/\",\"url\":\"https:\\\/\\\/www.mediovaldarno.it\\\/news\\\/wp-content\\\/uploads\\\/2018\\\/04\\\/mediovaldarno_logo.png\",\"contentUrl\":\"https:\\\/\\\/www.mediovaldarno.it\\\/news\\\/wp-content\\\/uploads\\\/2018\\\/04\\\/mediovaldarno_logo.png\",\"width\":1403,\"height\":220,\"caption\":\"www.mediovaldarno.it\"},\"image\":{\"@id\":\"https:\\\/\\\/www.mediovaldarno.it\\\/news\\\/#\\\/schema\\\/logo\\\/image\\\/\"},\"sameAs\":[\"https:\\\/\\\/www.facebook.com\\\/consorziobonifica3mediovaldarno\",\"https:\\\/\\\/x.com\\\/CBMedioValdarno\",\"https:\\\/\\\/www.instagram.com\\\/consorziobonificamediovaldarno\\\/\",\"https:\\\/\\\/www.youtube.com\\\/channel\\\/UCC5bbIAPkHXZIN0pJYK-VMg\"]},{\"@type\":\"Person\",\"@id\":\"https:\\\/\\\/www.mediovaldarno.it\\\/news\\\/#\\\/schema\\\/person\\\/4b80d1ea95684e806b6aa78692a8eb2f\",\"name\":\"Sandro Matteini\",\"image\":{\"@type\":\"ImageObject\",\"inLanguage\":\"it-IT\",\"@id\":\"https:\\\/\\\/secure.gravatar.com\\\/avatar\\\/27f27291c3624dc00c9c36f344f50a0208b6f1a0fefd24bf1abe3811892f3c7f?s=96&d=mm&r=g\",\"url\":\"https:\\\/\\\/secure.gravatar.com\\\/avatar\\\/27f27291c3624dc00c9c36f344f50a0208b6f1a0fefd24bf1abe3811892f3c7f?s=96&d=mm&r=g\",\"contentUrl\":\"https:\\\/\\\/secure.gravatar.com\\\/avatar\\\/27f27291c3624dc00c9c36f344f50a0208b6f1a0fefd24bf1abe3811892f3c7f?s=96&d=mm&r=g\",\"caption\":\"Sandro Matteini\"},\"sameAs\":[\"https:\\\/\\\/www.mediovaldarno.it\"],\"url\":\"https:\\\/\\\/www.mediovaldarno.it\\\/news\\\/author\\\/s-matteinimediovaldarno-it\\\/\"}]}<\/script>\n<!-- \/ Yoast SEO plugin. -->","yoast_head_json":{"title":"\"Take me to the river\": finale e gallery completa del cammino degli universitari lungo il torrente Pesa - www.mediovaldarno.it","robots":{"index":"index","follow":"follow","max-snippet":"max-snippet:-1","max-image-preview":"max-image-preview:large","max-video-preview":"max-video-preview:-1"},"canonical":"https:\/\/www.mediovaldarno.it\/news\/take-me-to-the-river-finale-e-gallery-completa-del-cammino-degli-universitari-lungo-il-torrente-pesa\/","og_locale":"it_IT","og_type":"article","og_title":"\"Take me to the river\": finale e gallery completa del cammino degli universitari lungo il torrente Pesa - www.mediovaldarno.it","og_description":"Si conclude oggi, con una giornata di studi presso il Dipartimento di Architettura dell\u2019Universit\u00e0 degli Studi di Firenze, la Summer School del Laboratorio del Cammino che ha visto anche il Consorzio incontrare gli studenti, docenti e ricercatori a piedi lungo il torrente Pesa, dalla sorgente di Radda in Chianti fino a Montelupo Fiorentino, per studiare [&hellip;]","og_url":"https:\/\/www.mediovaldarno.it\/news\/take-me-to-the-river-finale-e-gallery-completa-del-cammino-degli-universitari-lungo-il-torrente-pesa\/","og_site_name":"www.mediovaldarno.it","article_publisher":"https:\/\/www.facebook.com\/consorziobonifica3mediovaldarno","article_published_time":"2026-09-04T09:57:41+00:00","article_modified_time":"2026-09-04T09:59:48+00:00","og_image":[{"width":1440,"height":1920,"url":"https:\/\/www.mediovaldarno.it\/news\/wp-content\/uploads\/2026\/09\/Take-Me-to-the-River_CamminoPesa_UNIFI_08-09.2026-27.jpeg","type":"image\/jpeg"}],"author":"Sandro Matteini","twitter_card":"summary_large_image","twitter_creator":"@CBMedioValdarno","twitter_site":"@CBMedioValdarno","twitter_misc":{"Scritto da":"Sandro Matteini","Tempo di lettura stimato":"2 minuti"},"schema":{"@context":"https:\/\/schema.org","@graph":[{"@type":"Article","@id":"https:\/\/www.mediovaldarno.it\/news\/take-me-to-the-river-finale-e-gallery-completa-del-cammino-degli-universitari-lungo-il-torrente-pesa\/#article","isPartOf":{"@id":"https:\/\/www.mediovaldarno.it\/news\/take-me-to-the-river-finale-e-gallery-completa-del-cammino-degli-universitari-lungo-il-torrente-pesa\/"},"author":{"name":"Sandro Matteini","@id":"https:\/\/www.mediovaldarno.it\/news\/#\/schema\/person\/4b80d1ea95684e806b6aa78692a8eb2f"},"headline":"&#8220;Take me to the river&#8221;: finale e gallery completa del cammino degli universitari lungo il torrente Pesa","datePublished":"2026-09-04T09:57:41+00:00","dateModified":"2026-09-04T09:59:48+00:00","mainEntityOfPage":{"@id":"https:\/\/www.mediovaldarno.it\/news\/take-me-to-the-river-finale-e-gallery-completa-del-cammino-degli-universitari-lungo-il-torrente-pesa\/"},"wordCount":332,"publisher":{"@id":"https:\/\/www.mediovaldarno.it\/news\/#organization"},"image":{"@id":"https:\/\/www.mediovaldarno.it\/news\/take-me-to-the-river-finale-e-gallery-completa-del-cammino-degli-universitari-lungo-il-torrente-pesa\/#primaryimage"},"thumbnailUrl":"https:\/\/www.mediovaldarno.it\/news\/wp-content\/uploads\/2026\/09\/Take-Me-to-the-River_CamminoPesa_UNIFI_08-09.2026-27.jpeg","articleSection":["Agricoltura e ambiente","Consorzio di Bonifica","Eventi e appuntamenti","Notizie","Primo piano"],"inLanguage":"it-IT"},{"@type":"WebPage","@id":"https:\/\/www.mediovaldarno.it\/news\/take-me-to-the-river-finale-e-gallery-completa-del-cammino-degli-universitari-lungo-il-torrente-pesa\/","url":"https:\/\/www.mediovaldarno.it\/news\/take-me-to-the-river-finale-e-gallery-completa-del-cammino-degli-universitari-lungo-il-torrente-pesa\/","name":"\"Take me to the river\": finale e gallery completa del cammino degli universitari lungo il torrente Pesa - www.mediovaldarno.it","isPartOf":{"@id":"https:\/\/www.mediovaldarno.it\/news\/#website"},"primaryImageOfPage":{"@id":"https:\/\/www.mediovaldarno.it\/news\/take-me-to-the-river-finale-e-gallery-completa-del-cammino-degli-universitari-lungo-il-torrente-pesa\/#primaryimage"},"image":{"@id":"https:\/\/www.mediovaldarno.it\/news\/take-me-to-the-river-finale-e-gallery-completa-del-cammino-degli-universitari-lungo-il-torrente-pesa\/#primaryimage"},"thumbnailUrl":"https:\/\/www.mediovaldarno.it\/news\/wp-content\/uploads\/2026\/09\/Take-Me-to-the-River_CamminoPesa_UNIFI_08-09.2026-27.jpeg","datePublished":"2026-09-04T09:57:41+00:00","dateModified":"2026-09-04T09:59:48+00:00","breadcrumb":{"@id":"https:\/\/www.mediovaldarno.it\/news\/take-me-to-the-river-finale-e-gallery-completa-del-cammino-degli-universitari-lungo-il-torrente-pesa\/#breadcrumb"},"inLanguage":"it-IT","potentialAction":[{"@type":"ReadAction","target":["https:\/\/www.mediovaldarno.it\/news\/take-me-to-the-river-finale-e-gallery-completa-del-cammino-degli-universitari-lungo-il-torrente-pesa\/"]}]},{"@type":"ImageObject","inLanguage":"it-IT","@id":"https:\/\/www.mediovaldarno.it\/news\/take-me-to-the-river-finale-e-gallery-completa-del-cammino-degli-universitari-lungo-il-torrente-pesa\/#primaryimage","url":"https:\/\/www.mediovaldarno.it\/news\/wp-content\/uploads\/2026\/09\/Take-Me-to-the-River_CamminoPesa_UNIFI_08-09.2026-27.jpeg","contentUrl":"https:\/\/www.mediovaldarno.it\/news\/wp-content\/uploads\/2026\/09\/Take-Me-to-the-River_CamminoPesa_UNIFI_08-09.2026-27.jpeg","width":1440,"height":1920},{"@type":"BreadcrumbList","@id":"https:\/\/www.mediovaldarno.it\/news\/take-me-to-the-river-finale-e-gallery-completa-del-cammino-degli-universitari-lungo-il-torrente-pesa\/#breadcrumb","itemListElement":[{"@type":"ListItem","position":1,"name":"Home","item":"https:\/\/www.mediovaldarno.it\/news\/"},{"@type":"ListItem","position":2,"name":"&#8220;Take me to the river&#8221;: finale e gallery completa del cammino degli universitari lungo il torrente Pesa"}]},{"@type":"WebSite","@id":"https:\/\/www.mediovaldarno.it\/news\/#website","url":"https:\/\/www.mediovaldarno.it\/news\/","name":"www.mediovaldarno.it","description":"Notizie, approfondimenti, eventi dal cuore della Toscana","publisher":{"@id":"https:\/\/www.mediovaldarno.it\/news\/#organization"},"potentialAction":[{"@type":"SearchAction","target":{"@type":"EntryPoint","urlTemplate":"https:\/\/www.mediovaldarno.it\/news\/?s={search_term_string}"},"query-input":{"@type":"PropertyValueSpecification","valueRequired":true,"valueName":"search_term_string"}}],"inLanguage":"it-IT"},{"@type":"Organization","@id":"https:\/\/www.mediovaldarno.it\/news\/#organization","name":"www.mediovaldarno.it","url":"https:\/\/www.mediovaldarno.it\/news\/","logo":{"@type":"ImageObject","inLanguage":"it-IT","@id":"https:\/\/www.mediovaldarno.it\/news\/#\/schema\/logo\/image\/","url":"https:\/\/www.mediovaldarno.it\/news\/wp-content\/uploads\/2018\/04\/mediovaldarno_logo.png","contentUrl":"https:\/\/www.mediovaldarno.it\/news\/wp-content\/uploads\/2018\/04\/mediovaldarno_logo.png","width":1403,"height":220,"caption":"www.mediovaldarno.it"},"image":{"@id":"https:\/\/www.mediovaldarno.it\/news\/#\/schema\/logo\/image\/"},"sameAs":["https:\/\/www.facebook.com\/consorziobonifica3mediovaldarno","https:\/\/x.com\/CBMedioValdarno","https:\/\/www.instagram.com\/consorziobonificamediovaldarno\/","https:\/\/www.youtube.com\/channel\/UCC5bbIAPkHXZIN0pJYK-VMg"]},{"@type":"Person","@id":"https:\/\/www.mediovaldarno.it\/news\/#\/schema\/person\/4b80d1ea95684e806b6aa78692a8eb2f","name":"Sandro Matteini","image":{"@type":"ImageObject","inLanguage":"it-IT","@id":"https:\/\/secure.gravatar.com\/avatar\/27f27291c3624dc00c9c36f344f50a0208b6f1a0fefd24bf1abe3811892f3c7f?s=96&d=mm&r=g","url":"https:\/\/secure.gravatar.com\/avatar\/27f27291c3624dc00c9c36f344f50a0208b6f1a0fefd24bf1abe3811892f3c7f?s=96&d=mm&r=g","contentUrl":"https:\/\/secure.gravatar.com\/avatar\/27f27291c3624dc00c9c36f344f50a0208b6f1a0fefd24bf1abe3811892f3c7f?s=96&d=mm&r=g","caption":"Sandro Matteini"},"sameAs":["https:\/\/www.mediovaldarno.it"],"url":"https:\/\/www.mediovaldarno.it\/news\/author\/s-matteinimediovaldarno-it\/"}]}},"_links":{"self":[{"href":"https:\/\/www.mediovaldarno.it\/news\/wp-json\/wp\/v2\/posts\/12872","targetHints":{"allow":["GET"]}}],"collection":[{"href":"https:\/\/www.mediovaldarno.it\/news\/wp-json\/wp\/v2\/posts"}],"about":[{"href":"https:\/\/www.mediovaldarno.it\/news\/wp-json\/wp\/v2\/types\/post"}],"author":[{"embeddable":true,"href":"https:\/\/www.mediovaldarno.it\/news\/wp-json\/wp\/v2\/users\/4"}],"replies":[{"embeddable":true,"href":"https:\/\/www.mediovaldarno.it\/news\/wp-json\/wp\/v2\/comments?post=12872"}],"version-history":[{"count":3,"href":"https:\/\/www.mediovaldarno.it\/news\/wp-json\/wp\/v2\/posts\/12872\/revisions"}],"predecessor-version":[{"id":12924,"href":"https:\/\/www.mediovaldarno.it\/news\/wp-json\/wp\/v2\/posts\/12872\/revisions\/12924"}],"wp:featuredmedia":[{"embeddable":true,"href":"https:\/\/www.mediovaldarno.it\/news\/wp-json\/wp\/v2\/media\/12891"}],"wp:attachment":[{"href":"https:\/\/www.mediovaldarno.it\/news\/wp-json\/wp\/v2\/media?parent=12872"}],"wp:term":[{"taxonomy":"category","embeddable":true,"href":"https:\/\/www.mediovaldarno.it\/news\/wp-json\/wp\/v2\/categories?post=12872"},{"taxonomy":"post_tag","embeddable":true,"href":"https:\/\/www.mediovaldarno.it\/news\/wp-json\/wp\/v2\/tags?post=12872"}],"curies":[{"name":"wp","href":"https:\/\/api.w.org\/{rel}","templated":true}]}}